{"id":3477,"date":"2023-06-05T10:17:53","date_gmt":"2023-06-05T08:17:53","guid":{"rendered":"https:\/\/www.smarmec.com\/?p=3477"},"modified":"2023-06-05T10:17:57","modified_gmt":"2023-06-05T08:17:57","slug":"smarmec-partenaire-dans-la-fabrication-de-chargeurs-pour-vehicules-electriques","status":"publish","type":"post","link":"https:\/\/www.smarmec.com\/fr\/actualites\/smarmec-partenaire-dans-la-fabrication-de-chargeurs-pour-vehicules-electriques\/","title":{"rendered":"Smarmec, partenaire dans la fabrication de chargeurs pour v\u00e9hicules \u00e9lectriques"},"content":{"rendered":"<h2><strong>Nous contribuons \u00e0 la mobilit\u00e9 durable gr\u00e2ce \u00e0 notre savoir-faire dans la manipulation d&rsquo;assemblages m\u00e9talliques pour la fabrication de chargeurs de v\u00e9hicules<\/strong><\/h2>\n<p>La soci\u00e9t\u00e9 conna\u00eet une r\u00e9volution dans l&rsquo;\u00e9lectrification de nos transports. La n\u00e9cessit\u00e9 croissante de rechercher des solutions durables et respectueuses de l&rsquo;environnement a conduit \u00e0 consid\u00e9rer les v\u00e9hicules \u00e9lectriques comme l&rsquo;une des alternatives les plus solides et les plus prometteuses pour minimiser les effets de nos d\u00e9placements routiers sur l&rsquo;environnement. C&rsquo;est pourquoi nous souhaitons aujourd&rsquo;hui vous pr\u00e9senter notre solide exp\u00e9rience en tant qu&rsquo;entreprise internationalement reconnue dans la fabrication de chargeurs pour v\u00e9hicules \u00e9lectriques, essentiels pour garantir le bon fonctionnement du r\u00e9seau de transport.<\/p>\n<p>Notre exp\u00e9rience de plus de 35 ans dans la fabrication de produits robustes et de qualit\u00e9 \u00e0 base de sous-ensembles m\u00e9talliques a mis notre savoir-faire au service du secteur de l&rsquo;e-mobilit\u00e9&nbsp;; nous sommes responsables de la fabrication de bo\u00eetiers m\u00e9talliques et d&rsquo;assemblages structurels pour les chargeurs de v\u00e9hicules \u00e9lectriques. Ces \u00e9quipements sont install\u00e9s sur les<a href=\"https:\/\/map.electromaps.com\/es\"> points de recharge<\/a> utilis\u00e9s par l&rsquo;utilisateur final lorsqu&rsquo;il vient recharger la batterie de sa voiture, garantissant ainsi un service s\u00fbr et de qualit\u00e9.<\/p>\n<p>Il n&rsquo;est pas surprenant que notre pr\u00e9sence mondiale et, surtout, notre sp\u00e9cialisation dans les processus de soudage et les finitions cosm\u00e9tiques aient fait de nous l&rsquo;un des meilleurs partenaires dans la fabrication de chargeurs pour v\u00e9hicules \u00e9lectriques, compte tenu de notre grande souplesse d&rsquo;adaptation aux besoins de nos clients. Une condition essentielle dans un march\u00e9 exigeant et en constante \u00e9volution.<\/p>\n<p>Vous ne savez toujours pas ce que nous faisons&nbsp;? Ne vous inqui\u00e9tez pas, nous allons vous parler d&rsquo;une de nos r\u00e9ussites dans la fabrication de chargeurs \u00e9lectriques.<\/p>\n<p>&nbsp;<\/p>\n<figure id=\"attachment_2868\" class=\"thumbnail wp-caption aligncenter\" style=\"width: 600px\"><a href=\"https:\/\/www.smarmec.com\/fr\/histoires-de-reussite\/chargeurs-mobilite-electrique\/\"><img loading=\"lazy\" decoding=\"async\" class=\"wp-image-2868 size-full\" title=\"Smarmec, partenaire dans la fabrication de chargeurs pour v\u00e9hicules \u00e9lectriques\" src=\"https:\/\/www.smarmec.com\/wp-content\/uploads\/2023\/02\/smarmec-cargadores-en-linea-endesa.jpg\" alt=\"Smarmec, partenaire dans la fabrication de chargeurs pour v\u00e9hicules \u00e9lectriques\" width=\"600\" height=\"450\" srcset=\"https:\/\/www.smarmec.com\/wp-content\/uploads\/2023\/02\/smarmec-cargadores-en-linea-endesa.jpg 600w, https:\/\/www.smarmec.com\/wp-content\/uploads\/2023\/02\/smarmec-cargadores-en-linea-endesa-300x225.jpg 300w\" sizes=\"auto, (max-width: 600px) 100vw, 600px\" \/><\/a><figcaption class=\"caption wp-caption-text\">Smarmec, partenaire dans la fabrication de chargeurs pour v\u00e9hicules \u00e9lectriques<\/figcaption><\/figure>\n<p>&nbsp;<\/p>\n<p>Notre client, l&rsquo;un des principaux fabricants d&rsquo;\u00e9quipements de recharge pour v\u00e9hicules \u00e9lectriques en Chine, avait besoin d&rsquo;un partenaire capable de s&rsquo;adapter \u00e0 la variabilit\u00e9 constante de l&rsquo;industrie, ce qui signifiait que nous devions \u00eatre flexibles pour nos adapter aux changements continus dans la conception des produits. En outre, des d\u00e9lais extr\u00eamement serr\u00e9s devaient \u00eatre respect\u00e9s.<\/p>\n<p>Chez Smarmec, nous avons plus que rempli ces deux conditions. Nous avons r\u00e9pondu \u00e0 des d\u00e9lais urgents et fait face \u00e0 un grand nombre de modifications de conception parall\u00e8lement \u00e0 la production en s\u00e9rie.<\/p>\n<p>En peu de temps, nous avons fabriqu\u00e9 les bo\u00eetiers m\u00e9talliques et les assemblages structurels des chargeurs demand\u00e9s, obtenant l&rsquo;homologation \u2014 par le client \u2014 de 4 familles de produits en un temps record.<\/p>\n<p>\u00c0 cette fin, nous avons mis en place des lignes de soudage et d&rsquo;assemblage d\u00e9di\u00e9es. Nous avons ainsi pu augmenter notre capacit\u00e9 de production tout en nous adaptant \u00e0 la flexibilit\u00e9 requise par la demande variable.<\/p>\n<p>Il en est r\u00e9sult\u00e9 4 lignes de produits test\u00e9es et homologu\u00e9es par le client dans la phase de production en s\u00e9rie.<\/p>\n<p>Fascinant, n&rsquo;est-ce pas&nbsp;? Si vous avez des questions sur la mani\u00e8re dont nous pouvons vous aider dans la fabrication de chargeurs, n&rsquo;h\u00e9sitez pas \u00e0 nous contacter, nous vous r\u00e9pondrons dans les plus brefs d\u00e9lais.<\/p>\n","protected":false},"excerpt":{"rendered":"<p>Nous contribuons \u00e0 la mobilit\u00e9 durable gr\u00e2ce \u00e0 notre savoir-faire dans la manipulation d&rsquo;assemblages m\u00e9talliques pour la fabrication de chargeurs de v\u00e9hicules La soci\u00e9t\u00e9 conna\u00eet une r\u00e9volution dans l&rsquo;\u00e9lectrification de<\/p>\n","protected":false},"author":2,"featured_media":3472,"comment_status":"closed","ping_status":"closed","sticky":false,"template":"","format":"standard","meta":{"inline_featured_image":false,"_jetpack_memberships_contains_paid_content":false,"footnotes":""},"categories":[21],"tags":[228,118,227,229],"class_list":["post-3477","post","type-post","status-publish","format-standard","has-post-thumbnail","hentry","category-non-classifiee","tag-chargeurs","tag-fabrication","tag-fabrication-de-chargeurs","tag-vehicules"],"yoast_head":"<!-- This site is optimized with the Yoast SEO plugin v27.5 - https:\/\/yoast.com\/product\/yoast-seo-wordpress\/ -->\n<title>Smarmec, partenaire dans la fabrication de chargeurs pour v\u00e9hicules \u00e9lectriques - SMARMEC<\/title>\n<meta name=\"description\" content=\"Nous contribuons \u00e0 la mobilit\u00e9 durable gr\u00e2ce \u00e0 notre savoir-faire dans la manipulation d&#039;assemblages m\u00e9talliques pour la fabrication de chargeurs de v\u00e9hicules\" \/>\n<meta name=\"robots\" content=\"index, follow, max-snippet:-1, max-image-preview:large, max-video-preview:-1\" \/>\n<link rel=\"canonical\" href=\"https:\/\/www.smarmec.com\/fr\/actualites\/smarmec-partenaire-dans-la-fabrication-de-chargeurs-pour-vehicules-electriques\/\" \/>\n<meta property=\"og:locale\" content=\"fr_FR\" \/>\n<meta property=\"og:type\" content=\"article\" \/>\n<meta property=\"og:title\" content=\"Smarmec, partenaire dans la fabrication de chargeurs pour v\u00e9hicules \u00e9lectriques - SMARMEC\" \/>\n<meta property=\"og:description\" content=\"Nous contribuons \u00e0 la mobilit\u00e9 durable gr\u00e2ce \u00e0 notre savoir-faire dans la manipulation d&#039;assemblages m\u00e9talliques pour la fabrication de chargeurs de v\u00e9hicules\" \/>\n<meta property=\"og:url\" content=\"https:\/\/www.smarmec.com\/fr\/actualites\/smarmec-partenaire-dans-la-fabrication-de-chargeurs-pour-vehicules-electriques\/\" \/>\n<meta property=\"og:site_name\" content=\"SMARMEC\" \/>\n<meta property=\"article:published_time\" content=\"2023-06-05T08:17:53+00:00\" \/>\n<meta property=\"article:modified_time\" content=\"2023-06-05T08:17:57+00:00\" \/>\n<meta property=\"og:image\" content=\"https:\/\/www.smarmec.com\/wp-content\/uploads\/2023\/04\/shutterstock_2066775209-Copy.jpg\" \/>\n\t<meta property=\"og:image:width\" content=\"4553\" \/>\n\t<meta property=\"og:image:height\" content=\"2072\" \/>\n\t<meta property=\"og:image:type\" content=\"image\/jpeg\" \/>\n<meta name=\"author\" content=\"SMARMEC\" \/>\n<meta name=\"twitter:card\" content=\"summary_large_image\" \/>\n<meta name=\"twitter:label1\" content=\"\u00c9crit par\" \/>\n\t<meta name=\"twitter:data1\" content=\"SMARMEC\" \/>\n\t<meta name=\"twitter:label2\" content=\"Dur\u00e9e de lecture estim\u00e9e\" \/>\n\t<meta name=\"twitter:data2\" content=\"3 minutes\" \/>\n<script type=\"application\/ld+json\" class=\"yoast-schema-graph\">{\"@context\":\"https:\\\/\\\/schema.org\",\"@graph\":[{\"@type\":\"Article\",\"@id\":\"https:\\\/\\\/www.smarmec.com\\\/fr\\\/actualites\\\/smarmec-partenaire-dans-la-fabrication-de-chargeurs-pour-vehicules-electriques\\\/#article\",\"isPartOf\":{\"@id\":\"https:\\\/\\\/www.smarmec.com\\\/fr\\\/actualites\\\/smarmec-partenaire-dans-la-fabrication-de-chargeurs-pour-vehicules-electriques\\\/\"},\"author\":{\"name\":\"SMARMEC\",\"@id\":\"https:\\\/\\\/www.smarmec.com\\\/fr\\\/#\\\/schema\\\/person\\\/6d30a57ce79ac90af4f1173d079390c4\"},\"headline\":\"Smarmec, partenaire dans la fabrication de chargeurs pour v\u00e9hicules \u00e9lectriques\",\"datePublished\":\"2023-06-05T08:17:53+00:00\",\"dateModified\":\"2023-06-05T08:17:57+00:00\",\"mainEntityOfPage\":{\"@id\":\"https:\\\/\\\/www.smarmec.com\\\/fr\\\/actualites\\\/smarmec-partenaire-dans-la-fabrication-de-chargeurs-pour-vehicules-electriques\\\/\"},\"wordCount\":553,\"image\":{\"@id\":\"https:\\\/\\\/www.smarmec.com\\\/fr\\\/actualites\\\/smarmec-partenaire-dans-la-fabrication-de-chargeurs-pour-vehicules-electriques\\\/#primaryimage\"},\"thumbnailUrl\":\"https:\\\/\\\/www.smarmec.com\\\/wp-content\\\/uploads\\\/2023\\\/04\\\/shutterstock_2066775209-Copy.jpg\",\"keywords\":[\"chargeurs\",\"fabrication\",\"fabrication de chargeurs\",\"v\u00e9hicules\"],\"articleSection\":[\"Non classifi\u00e9(e)\"],\"inLanguage\":\"fr-FR\"},{\"@type\":\"WebPage\",\"@id\":\"https:\\\/\\\/www.smarmec.com\\\/fr\\\/actualites\\\/smarmec-partenaire-dans-la-fabrication-de-chargeurs-pour-vehicules-electriques\\\/\",\"url\":\"https:\\\/\\\/www.smarmec.com\\\/fr\\\/actualites\\\/smarmec-partenaire-dans-la-fabrication-de-chargeurs-pour-vehicules-electriques\\\/\",\"name\":\"Smarmec, partenaire dans la fabrication de chargeurs pour v\u00e9hicules \u00e9lectriques - SMARMEC\",\"isPartOf\":{\"@id\":\"https:\\\/\\\/www.smarmec.com\\\/fr\\\/#website\"},\"primaryImageOfPage\":{\"@id\":\"https:\\\/\\\/www.smarmec.com\\\/fr\\\/actualites\\\/smarmec-partenaire-dans-la-fabrication-de-chargeurs-pour-vehicules-electriques\\\/#primaryimage\"},\"image\":{\"@id\":\"https:\\\/\\\/www.smarmec.com\\\/fr\\\/actualites\\\/smarmec-partenaire-dans-la-fabrication-de-chargeurs-pour-vehicules-electriques\\\/#primaryimage\"},\"thumbnailUrl\":\"https:\\\/\\\/www.smarmec.com\\\/wp-content\\\/uploads\\\/2023\\\/04\\\/shutterstock_2066775209-Copy.jpg\",\"datePublished\":\"2023-06-05T08:17:53+00:00\",\"dateModified\":\"2023-06-05T08:17:57+00:00\",\"author\":{\"@id\":\"https:\\\/\\\/www.smarmec.com\\\/fr\\\/#\\\/schema\\\/person\\\/6d30a57ce79ac90af4f1173d079390c4\"},\"description\":\"Nous contribuons \u00e0 la mobilit\u00e9 durable gr\u00e2ce \u00e0 notre savoir-faire dans la manipulation d'assemblages m\u00e9talliques pour la fabrication de chargeurs de v\u00e9hicules\",\"breadcrumb\":{\"@id\":\"https:\\\/\\\/www.smarmec.com\\\/fr\\\/actualites\\\/smarmec-partenaire-dans-la-fabrication-de-chargeurs-pour-vehicules-electriques\\\/#breadcrumb\"},\"inLanguage\":\"fr-FR\",\"potentialAction\":[{\"@type\":\"ReadAction\",\"target\":[\"https:\\\/\\\/www.smarmec.com\\\/fr\\\/actualites\\\/smarmec-partenaire-dans-la-fabrication-de-chargeurs-pour-vehicules-electriques\\\/\"]}]},{\"@type\":\"ImageObject\",\"inLanguage\":\"fr-FR\",\"@id\":\"https:\\\/\\\/www.smarmec.com\\\/fr\\\/actualites\\\/smarmec-partenaire-dans-la-fabrication-de-chargeurs-pour-vehicules-electriques\\\/#primaryimage\",\"url\":\"https:\\\/\\\/www.smarmec.com\\\/wp-content\\\/uploads\\\/2023\\\/04\\\/shutterstock_2066775209-Copy.jpg\",\"contentUrl\":\"https:\\\/\\\/www.smarmec.com\\\/wp-content\\\/uploads\\\/2023\\\/04\\\/shutterstock_2066775209-Copy.jpg\",\"width\":4553,\"height\":2072,\"caption\":\"Fabricantes de cargadores para veh\u00edculo el\u00e9ctrico\"},{\"@type\":\"BreadcrumbList\",\"@id\":\"https:\\\/\\\/www.smarmec.com\\\/fr\\\/actualites\\\/smarmec-partenaire-dans-la-fabrication-de-chargeurs-pour-vehicules-electriques\\\/#breadcrumb\",\"itemListElement\":[{\"@type\":\"ListItem\",\"position\":1,\"name\":\"Accueil\",\"item\":\"https:\\\/\\\/www.smarmec.com\\\/fr\\\/\"},{\"@type\":\"ListItem\",\"position\":2,\"name\":\"Smarmec, partenaire dans la fabrication de chargeurs pour v\u00e9hicules \u00e9lectriques\"}]},{\"@type\":\"WebSite\",\"@id\":\"https:\\\/\\\/www.smarmec.com\\\/fr\\\/#website\",\"url\":\"https:\\\/\\\/www.smarmec.com\\\/fr\\\/\",\"name\":\"SMARMEC\",\"description\":\"Design &amp; Manufacturing Ideas\",\"potentialAction\":[{\"@type\":\"SearchAction\",\"target\":{\"@type\":\"EntryPoint\",\"urlTemplate\":\"https:\\\/\\\/www.smarmec.com\\\/fr\\\/?s={search_term_string}\"},\"query-input\":{\"@type\":\"PropertyValueSpecification\",\"valueRequired\":true,\"valueName\":\"search_term_string\"}}],\"inLanguage\":\"fr-FR\"},{\"@type\":\"Person\",\"@id\":\"https:\\\/\\\/www.smarmec.com\\\/fr\\\/#\\\/schema\\\/person\\\/6d30a57ce79ac90af4f1173d079390c4\",\"name\":\"SMARMEC\"}]}<\/script>\n<!-- \/ Yoast SEO plugin. -->","yoast_head_json":{"title":"Smarmec, partenaire dans la fabrication de chargeurs pour v\u00e9hicules \u00e9lectriques - SMARMEC","description":"Nous contribuons \u00e0 la mobilit\u00e9 durable gr\u00e2ce \u00e0 notre savoir-faire dans la manipulation d'assemblages m\u00e9talliques pour la fabrication de chargeurs de v\u00e9hicules","robots":{"index":"index","follow":"follow","max-snippet":"max-snippet:-1","max-image-preview":"max-image-preview:large","max-video-preview":"max-video-preview:-1"},"canonical":"https:\/\/www.smarmec.com\/fr\/actualites\/smarmec-partenaire-dans-la-fabrication-de-chargeurs-pour-vehicules-electriques\/","og_locale":"fr_FR","og_type":"article","og_title":"Smarmec, partenaire dans la fabrication de chargeurs pour v\u00e9hicules \u00e9lectriques - SMARMEC","og_description":"Nous contribuons \u00e0 la mobilit\u00e9 durable gr\u00e2ce \u00e0 notre savoir-faire dans la manipulation d'assemblages m\u00e9talliques pour la fabrication de chargeurs de v\u00e9hicules","og_url":"https:\/\/www.smarmec.com\/fr\/actualites\/smarmec-partenaire-dans-la-fabrication-de-chargeurs-pour-vehicules-electriques\/","og_site_name":"SMARMEC","article_published_time":"2023-06-05T08:17:53+00:00","article_modified_time":"2023-06-05T08:17:57+00:00","og_image":[{"width":4553,"height":2072,"url":"https:\/\/www.smarmec.com\/wp-content\/uploads\/2023\/04\/shutterstock_2066775209-Copy.jpg","type":"image\/jpeg"}],"author":"SMARMEC","twitter_card":"summary_large_image","twitter_misc":{"\u00c9crit par":"SMARMEC","Dur\u00e9e de lecture estim\u00e9e":"3 minutes"},"schema":{"@context":"https:\/\/schema.org","@graph":[{"@type":"Article","@id":"https:\/\/www.smarmec.com\/fr\/actualites\/smarmec-partenaire-dans-la-fabrication-de-chargeurs-pour-vehicules-electriques\/#article","isPartOf":{"@id":"https:\/\/www.smarmec.com\/fr\/actualites\/smarmec-partenaire-dans-la-fabrication-de-chargeurs-pour-vehicules-electriques\/"},"author":{"name":"SMARMEC","@id":"https:\/\/www.smarmec.com\/fr\/#\/schema\/person\/6d30a57ce79ac90af4f1173d079390c4"},"headline":"Smarmec, partenaire dans la fabrication de chargeurs pour v\u00e9hicules \u00e9lectriques","datePublished":"2023-06-05T08:17:53+00:00","dateModified":"2023-06-05T08:17:57+00:00","mainEntityOfPage":{"@id":"https:\/\/www.smarmec.com\/fr\/actualites\/smarmec-partenaire-dans-la-fabrication-de-chargeurs-pour-vehicules-electriques\/"},"wordCount":553,"image":{"@id":"https:\/\/www.smarmec.com\/fr\/actualites\/smarmec-partenaire-dans-la-fabrication-de-chargeurs-pour-vehicules-electriques\/#primaryimage"},"thumbnailUrl":"https:\/\/www.smarmec.com\/wp-content\/uploads\/2023\/04\/shutterstock_2066775209-Copy.jpg","keywords":["chargeurs","fabrication","fabrication de chargeurs","v\u00e9hicules"],"articleSection":["Non classifi\u00e9(e)"],"inLanguage":"fr-FR"},{"@type":"WebPage","@id":"https:\/\/www.smarmec.com\/fr\/actualites\/smarmec-partenaire-dans-la-fabrication-de-chargeurs-pour-vehicules-electriques\/","url":"https:\/\/www.smarmec.com\/fr\/actualites\/smarmec-partenaire-dans-la-fabrication-de-chargeurs-pour-vehicules-electriques\/","name":"Smarmec, partenaire dans la fabrication de chargeurs pour v\u00e9hicules \u00e9lectriques - SMARMEC","isPartOf":{"@id":"https:\/\/www.smarmec.com\/fr\/#website"},"primaryImageOfPage":{"@id":"https:\/\/www.smarmec.com\/fr\/actualites\/smarmec-partenaire-dans-la-fabrication-de-chargeurs-pour-vehicules-electriques\/#primaryimage"},"image":{"@id":"https:\/\/www.smarmec.com\/fr\/actualites\/smarmec-partenaire-dans-la-fabrication-de-chargeurs-pour-vehicules-electriques\/#primaryimage"},"thumbnailUrl":"https:\/\/www.smarmec.com\/wp-content\/uploads\/2023\/04\/shutterstock_2066775209-Copy.jpg","datePublished":"2023-06-05T08:17:53+00:00","dateModified":"2023-06-05T08:17:57+00:00","author":{"@id":"https:\/\/www.smarmec.com\/fr\/#\/schema\/person\/6d30a57ce79ac90af4f1173d079390c4"},"description":"Nous contribuons \u00e0 la mobilit\u00e9 durable gr\u00e2ce \u00e0 notre savoir-faire dans la manipulation d'assemblages m\u00e9talliques pour la fabrication de chargeurs de v\u00e9hicules","breadcrumb":{"@id":"https:\/\/www.smarmec.com\/fr\/actualites\/smarmec-partenaire-dans-la-fabrication-de-chargeurs-pour-vehicules-electriques\/#breadcrumb"},"inLanguage":"fr-FR","potentialAction":[{"@type":"ReadAction","target":["https:\/\/www.smarmec.com\/fr\/actualites\/smarmec-partenaire-dans-la-fabrication-de-chargeurs-pour-vehicules-electriques\/"]}]},{"@type":"ImageObject","inLanguage":"fr-FR","@id":"https:\/\/www.smarmec.com\/fr\/actualites\/smarmec-partenaire-dans-la-fabrication-de-chargeurs-pour-vehicules-electriques\/#primaryimage","url":"https:\/\/www.smarmec.com\/wp-content\/uploads\/2023\/04\/shutterstock_2066775209-Copy.jpg","contentUrl":"https:\/\/www.smarmec.com\/wp-content\/uploads\/2023\/04\/shutterstock_2066775209-Copy.jpg","width":4553,"height":2072,"caption":"Fabricantes de cargadores para veh\u00edculo el\u00e9ctrico"},{"@type":"BreadcrumbList","@id":"https:\/\/www.smarmec.com\/fr\/actualites\/smarmec-partenaire-dans-la-fabrication-de-chargeurs-pour-vehicules-electriques\/#breadcrumb","itemListElement":[{"@type":"ListItem","position":1,"name":"Accueil","item":"https:\/\/www.smarmec.com\/fr\/"},{"@type":"ListItem","position":2,"name":"Smarmec, partenaire dans la fabrication de chargeurs pour v\u00e9hicules \u00e9lectriques"}]},{"@type":"WebSite","@id":"https:\/\/www.smarmec.com\/fr\/#website","url":"https:\/\/www.smarmec.com\/fr\/","name":"SMARMEC","description":"Design &amp; Manufacturing Ideas","potentialAction":[{"@type":"SearchAction","target":{"@type":"EntryPoint","urlTemplate":"https:\/\/www.smarmec.com\/fr\/?s={search_term_string}"},"query-input":{"@type":"PropertyValueSpecification","valueRequired":true,"valueName":"search_term_string"}}],"inLanguage":"fr-FR"},{"@type":"Person","@id":"https:\/\/www.smarmec.com\/fr\/#\/schema\/person\/6d30a57ce79ac90af4f1173d079390c4","name":"SMARMEC"}]}},"jetpack_featured_media_url":"https:\/\/www.smarmec.com\/wp-content\/uploads\/2023\/04\/shutterstock_2066775209-Copy.jpg","jetpack_sharing_enabled":true,"_links":{"self":[{"href":"https:\/\/www.smarmec.com\/fr\/wp-json\/wp\/v2\/posts\/3477","targetHints":{"allow":["GET"]}}],"collection":[{"href":"https:\/\/www.smarmec.com\/fr\/wp-json\/wp\/v2\/posts"}],"about":[{"href":"https:\/\/www.smarmec.com\/fr\/wp-json\/wp\/v2\/types\/post"}],"author":[{"embeddable":true,"href":"https:\/\/www.smarmec.com\/fr\/wp-json\/wp\/v2\/users\/2"}],"replies":[{"embeddable":true,"href":"https:\/\/www.smarmec.com\/fr\/wp-json\/wp\/v2\/comments?post=3477"}],"version-history":[{"count":4,"href":"https:\/\/www.smarmec.com\/fr\/wp-json\/wp\/v2\/posts\/3477\/revisions"}],"predecessor-version":[{"id":3747,"href":"https:\/\/www.smarmec.com\/fr\/wp-json\/wp\/v2\/posts\/3477\/revisions\/3747"}],"wp:featuredmedia":[{"embeddable":true,"href":"https:\/\/www.smarmec.com\/fr\/wp-json\/wp\/v2\/media\/3472"}],"wp:attachment":[{"href":"https:\/\/www.smarmec.com\/fr\/wp-json\/wp\/v2\/media?parent=3477"}],"wp:term":[{"taxonomy":"category","embeddable":true,"href":"https:\/\/www.smarmec.com\/fr\/wp-json\/wp\/v2\/categories?post=3477"},{"taxonomy":"post_tag","embeddable":true,"href":"https:\/\/www.smarmec.com\/fr\/wp-json\/wp\/v2\/tags?post=3477"}],"curies":[{"name":"wp","href":"https:\/\/api.w.org\/{rel}","templated":true}]}}