{"id":579,"date":"2021-07-30T12:19:01","date_gmt":"2021-07-30T12:19:01","guid":{"rendered":"https:\/\/www.smarmec.com\/?p=579"},"modified":"2022-06-06T10:18:55","modified_gmt":"2022-06-06T10:18:55","slug":"sostenibilidad-mas-que-un-objetivo-una-conviccion","status":"publish","type":"post","link":"https:\/\/www.smarmec.com\/es\/noticias\/sostenibilidad-mas-que-un-objetivo-una-conviccion\/","title":{"rendered":"Sostenibilidad: m\u00e1s que un objetivo, una convicci\u00f3n"},"content":{"rendered":"<div class=\"wpb-content-wrapper\"><p>[vc_row][vc_column col_shadow=\u00bbbox_shadow_enable:disable|shadow_horizontal:0|shadow_vertical:15|shadow_blur:50|shadow_spread:0|box_shadow_color:rgba(0%2C0%2C0%2C.35)\u00bb col_shadow_hover=\u00bbbox_shadow_enable:disable|shadow_horizontal:0|shadow_vertical:15|shadow_blur:50|shadow_spread:0|box_shadow_color:rgba(0%2C0%2C0%2C.35)\u00bb]<div class=\"dfd-heading-shortcode\"><div class=\"dfd-heading-module-wrap  text-left style_01 dfd-heading-69f56b7645021 dfd-disable-resposive-headings\" id=\"dfd-heading-69f56b7645021\" ><div class=\"inline-block\"><div class=\"dfd-heading-module\"><h2 class=\"widget-title dfd-title \" style=\"\">Velamos por el acceso a una energ\u00eda respetuosa con el medioambiente, la igualdad y el crecimiento econ\u00f3mico inclusivo<\/h2><div class=\"dfd-heading-delimiter\"><\/div><\/div><\/div><\/div><script type=\"text\/javascript\">\r\n\t\t\t\t\t\t\t\t\t(function($) {\r\n\t\t\t\t\t\t\t\t\t\t$(\"head\").append(\"<style>.dfd-heading-69f56b7645021.dfd-heading-module-wrap .dfd-heading-module .dfd-heading-delimiter {border-bottom-style:solid;border-bottom-width:1px;width:100px;border-bottom-color:#dddddd;}.dfd-heading-69f56b7645021.dfd-heading-module-wrap .dfd-heading-module .dfd-heading-delimiter {margin-top:10px;margin-bottom:10px;}@media (max-width: 799px){.dfd-heading-69f56b7645021 .dfd-title{font-size: 23px !important;line-height: 26px !important;}}<\/style>\");\r\n\t\t\t\t\t\t\t\t\t})(jQuery);\r\n\t\t\t\t\t\t\t\t<\/script><\/div><div class=\"dfd-spacer-module\"  data-units=\"px\" data-wide_resolution=\"1280\" data-wide_size=\"15\" data-normal_resolution=\"1024\" data-normal_size=\"15\" data-tablet_resolution=\"800\" data-tablet_size=\"15\" data-mobile_resolution=\"480\" data-mobile_size=\"15\" style=\"height: 15px;\"><\/div>[\/vc_column][\/vc_row][vc_row][vc_column][vc_single_image image=\u00bb583&#8243; img_size=\u00bbfull\u00bb alignment=\u00bbcenter\u00bb]<div class=\"dfd-spacer-module\"  data-units=\"px\" data-wide_resolution=\"1280\" data-wide_size=\"30\" data-normal_resolution=\"1024\" data-normal_size=\"30\" data-tablet_resolution=\"800\" data-tablet_size=\"25\" data-mobile_resolution=\"480\" data-mobile_size=\"25\" style=\"height: 30px;\"><\/div>[\/vc_column][\/vc_row][vc_row][vc_column][vc_column_text]La sostenibilidad y la responsabilidad social son dos conceptos que, durante los \u00faltimos a\u00f1os, muchas compa\u00f1\u00edas han adoptado. En Smarmec, m\u00e1s all\u00e1 de convertirse en una simple estrategia, consideramos que deben ser dos aspectos clave en la forma de trabajar y de llevar a cabo las actividades en una empresa. De hecho, actualmente,\u00a0<strong>todos nuestros procesos productivos parten de una base com\u00fan enfocada hacia la sostenibilidad,\u00a0<\/strong>la cual, constantemente tratamos de mejorar. Y uno de los lemas de Velatia, grupo industrial al que pertenecemos, lo confirma:\u00a0<strong>\u201cLa sostenibilidad no es un objetivo, es una convicci\u00f3n que surge de nuestras ra\u00edces\u201d.<\/strong><\/p>\n<p>Impulsados por el compromiso Velatia, introdujimos el concepto de sostenibilidad en nuestra reflexi\u00f3n estrat\u00e9gica para marcar objetivos anuales de mejora. As\u00ed pues, desarrollamos proyectos espec\u00edficos que nos ayudan a caminar en la direcci\u00f3n correcta por el respeto al medioambiente.<\/p>\n<p>Adem\u00e1s, cabe remarcar que, en el empe\u00f1o por inculcar estos valores en todo el grupo,\u00a0<strong>Velatia se ha comprometido con la Agenda 2030 para el Desarrollo Sostenible.<\/strong>\u00a0Este plan de acci\u00f3n vela por el bien de las personas, el planeta y la prosperidad, a la vez que impulsa la paz universal y el acceso a la justicia.[\/vc_column_text]<div class=\"dfd-spacer-module\"  data-units=\"px\" data-wide_resolution=\"1280\" data-wide_size=\"30\" data-normal_resolution=\"1024\" data-normal_size=\"30\" data-tablet_resolution=\"800\" data-tablet_size=\"25\" data-mobile_resolution=\"480\" data-mobile_size=\"25\" style=\"height: 30px;\"><\/div><div class=\"dfd-heading-shortcode\"><div class=\"dfd-heading-module-wrap  text-left style_01 dfd-heading-69f56b76451ec dfd-disable-resposive-headings\" id=\"dfd-heading-69f56b76451ec\" ><div class=\"inline-block\"><div class=\"dfd-heading-module\"><h4 class=\"widget-title dfd-title \" style=\"font-size: 18px; line-height: 21px; \">Desde Smarmec, durante este a\u00f1o estamos focalizando nuestras actuaciones en 3\u00a0<strong><a href=\"https:\/\/www.un.org\/sustainabledevelopment\/es\/objetivos-de-desarrollo-sostenible\/\" target=\"_blank\" rel=\"noopener\">Objetivos de Desarrollo Sostenible<\/a><\/strong>\u00a0(ODS) de la Agenda 2030:<\/h4><\/div><\/div><\/div><script type=\"text\/javascript\">\r\n\t\t\t\t\t\t\t\t\t(function($) {\r\n\t\t\t\t\t\t\t\t\t\t$(\"head\").append(\"<style>.dfd-heading-69f56b76451ec.dfd-heading-module-wrap .dfd-heading-module .dfd-heading-delimiter {margin-top:10px;margin-bottom:10px;}@media (max-width: 799px){.dfd-heading-69f56b76451ec .dfd-title{font-size: 23px !important;line-height: 26px !important;}}<\/style>\");\r\n\t\t\t\t\t\t\t\t\t})(jQuery);\r\n\t\t\t\t\t\t\t\t<\/script><\/div><div class=\"dfd-spacer-module\"  data-units=\"px\" data-wide_resolution=\"1280\" data-wide_size=\"15\" data-normal_resolution=\"1024\" data-normal_size=\"15\" data-tablet_resolution=\"800\" data-tablet_size=\"15\" data-mobile_resolution=\"480\" data-mobile_size=\"15\" style=\"height: 15px;\"><\/div><div class=\"dfd-heading-shortcode\"><div class=\"dfd-heading-module-wrap  text-left style_01 dfd-heading-69f56b76452cc dfd-disable-resposive-headings\" id=\"dfd-heading-69f56b76452cc\" ><div class=\"inline-block\"><div class=\"dfd-heading-module\"><h5 class=\"widget-title dfd-title \" style=\"font-size: 16px; color: #565656 !important; line-height: 19px; \"><strong>ODS 5:<\/strong> Lograr la igualdad entre los g\u00e9neros y empoderar a todas las mujeres y ni\u00f1as<\/h5><\/div><\/div><\/div><script type=\"text\/javascript\">\r\n\t\t\t\t\t\t\t\t\t(function($) {\r\n\t\t\t\t\t\t\t\t\t\t$(\"head\").append(\"<style>.dfd-heading-69f56b76452cc.dfd-heading-module-wrap .dfd-heading-module .dfd-heading-delimiter {margin-top:10px;margin-bottom:10px;}@media (max-width: 799px){.dfd-heading-69f56b76452cc .dfd-title{font-size: 23px !important;line-height: 26px !important;}}<\/style>\");\r\n\t\t\t\t\t\t\t\t\t})(jQuery);\r\n\t\t\t\t\t\t\t\t<\/script><\/div>[vc_column_text]Hemos desarrollado y aprobado nuestro primer plan de igualdad para convertirlo en una gu\u00eda transversal aplicable a todas nuestras actividades.[\/vc_column_text]<div class=\"dfd-spacer-module\"  data-units=\"px\" data-wide_resolution=\"1280\" data-wide_size=\"15\" data-normal_resolution=\"1024\" data-normal_size=\"15\" data-tablet_resolution=\"800\" data-tablet_size=\"15\" data-mobile_resolution=\"480\" data-mobile_size=\"15\" style=\"height: 15px;\"><\/div><div class=\"dfd-heading-shortcode\"><div class=\"dfd-heading-module-wrap  text-left style_01 dfd-heading-69f56b764538e dfd-disable-resposive-headings\" id=\"dfd-heading-69f56b764538e\" ><div class=\"inline-block\"><div class=\"dfd-heading-module\"><h5 class=\"widget-title dfd-title \" style=\"font-size: 16px; color: #565656 !important; line-height: 19px; \"><strong>ODS 7:<\/strong> Garantizar el acceso a una energ\u00eda asequible, segura, sostenible y moderna<\/h5><\/div><\/div><\/div><script type=\"text\/javascript\">\r\n\t\t\t\t\t\t\t\t\t(function($) {\r\n\t\t\t\t\t\t\t\t\t\t$(\"head\").append(\"<style>.dfd-heading-69f56b764538e.dfd-heading-module-wrap .dfd-heading-module .dfd-heading-delimiter {margin-top:10px;margin-bottom:10px;}@media (max-width: 799px){.dfd-heading-69f56b764538e .dfd-title{font-size: 23px !important;line-height: 26px !important;}}<\/style>\");\r\n\t\t\t\t\t\t\t\t\t})(jQuery);\r\n\t\t\t\t\t\t\t\t<\/script><\/div>[vc_column_text]Con el objetivo de limitar la huella de carbono de nuestros procesos de suministro, estamos implementando un proyecto para ser capaces de producir de manera local en los puntos de consumo de uno de nuestros principales clientes, HP. De esta manera, reducimos las emisiones en todo el proceso de transporte del producto.[\/vc_column_text]<div class=\"dfd-spacer-module\"  data-units=\"px\" data-wide_resolution=\"1280\" data-wide_size=\"15\" data-normal_resolution=\"1024\" data-normal_size=\"15\" data-tablet_resolution=\"800\" data-tablet_size=\"15\" data-mobile_resolution=\"480\" data-mobile_size=\"15\" style=\"height: 15px;\"><\/div><div class=\"dfd-heading-shortcode\"><div class=\"dfd-heading-module-wrap  text-left style_01 dfd-heading-69f56b7645446 dfd-disable-resposive-headings\" id=\"dfd-heading-69f56b7645446\" ><div class=\"inline-block\"><div class=\"dfd-heading-module\"><h5 class=\"widget-title dfd-title \" style=\"font-size: 16px; color: #565656 !important; line-height: 19px; \"><strong>ODS 8:<\/strong> Promover el crecimiento econ\u00f3mico inclusivo y sostenible, el empleo y el trabajo decente para todos<\/h5><\/div><\/div><\/div><script type=\"text\/javascript\">\r\n\t\t\t\t\t\t\t\t\t(function($) {\r\n\t\t\t\t\t\t\t\t\t\t$(\"head\").append(\"<style>.dfd-heading-69f56b7645446.dfd-heading-module-wrap .dfd-heading-module .dfd-heading-delimiter {margin-top:10px;margin-bottom:10px;}@media (max-width: 799px){.dfd-heading-69f56b7645446 .dfd-title{font-size: 23px !important;line-height: 26px !important;}}<\/style>\");\r\n\t\t\t\t\t\t\t\t\t})(jQuery);\r\n\t\t\t\t\t\t\t\t<\/script><\/div>[vc_column_text]Nuestra prioridad en este sentido es poner el foco en el desempe\u00f1o del negocio. Para conseguirlo, estamos llevando a cabo planes de acci\u00f3n que garantizan buenos resultados en entornos de incertidumbre, generando empleo y riqueza para la sociedad con una visi\u00f3n a largo plazo.[\/vc_column_text]<div class=\"dfd-spacer-module\"  data-units=\"px\" data-wide_resolution=\"1280\" data-wide_size=\"30\" data-normal_resolution=\"1024\" data-normal_size=\"30\" data-tablet_resolution=\"800\" data-tablet_size=\"30\" data-mobile_resolution=\"480\" data-mobile_size=\"30\" style=\"height: 30px;\"><\/div>[vc_column_text]Si buscas un socio capaz de desarrollar soluciones con mulitecnolog\u00edas integradas para los sectores del vending o electromedicina, entre otros, mediante el respeto por el medioambiente y la responsabilidad, podemos ayudarte.\u00a0<strong><a href=\"https:\/\/www.smarmec.com\/b2b\/es\/automatas-de-venta\/\" target=\"_blank\" rel=\"noopener\">\u00a1Contacta con nosotros!<\/a><\/strong>[\/vc_column_text][\/vc_column][\/vc_row]<\/p>\n<\/div>","protected":false},"excerpt":{"rendered":"<p>Velamos por el acceso a una energ\u00eda respetuosa con el medioambiente, la igualdad y el crecimiento econ\u00f3mico inclusivo&#8230;<\/p>\n","protected":false},"author":2,"featured_media":583,"comment_status":"closed","ping_status":"closed","sticky":false,"template":"","format":"standard","meta":{"inline_featured_image":false,"_jetpack_memberships_contains_paid_content":false,"footnotes":""},"categories":[16],"tags":[],"class_list":["post-579","post","type-post","status-publish","format-standard","has-post-thumbnail","hentry","category-sostenibilidad"],"yoast_head":"<!-- This site is optimized with the Yoast SEO plugin v27.5 - https:\/\/yoast.com\/product\/yoast-seo-wordpress\/ -->\n<title>Sostenibilidad: m\u00e1s que un objetivo, una convicci\u00f3n - SMARMEC<\/title>\n<meta name=\"robots\" content=\"index, follow, max-snippet:-1, max-image-preview:large, max-video-preview:-1\" \/>\n<link rel=\"canonical\" href=\"https:\/\/www.smarmec.com\/es\/noticias\/sostenibilidad-mas-que-un-objetivo-una-conviccion\/\" \/>\n<meta property=\"og:locale\" content=\"es_ES\" \/>\n<meta property=\"og:type\" content=\"article\" \/>\n<meta property=\"og:title\" content=\"Sostenibilidad: m\u00e1s que un objetivo, una convicci\u00f3n - SMARMEC\" \/>\n<meta property=\"og:description\" content=\"Velamos por el acceso a una energ\u00eda respetuosa con el medioambiente, la igualdad y el crecimiento econ\u00f3mico inclusivo...\" \/>\n<meta property=\"og:url\" content=\"https:\/\/www.smarmec.com\/es\/noticias\/sostenibilidad-mas-que-un-objetivo-una-conviccion\/\" \/>\n<meta property=\"og:site_name\" content=\"SMARMEC\" \/>\n<meta property=\"article:published_time\" content=\"2021-07-30T12:19:01+00:00\" \/>\n<meta property=\"article:modified_time\" content=\"2022-06-06T10:18:55+00:00\" \/>\n<meta property=\"og:image\" content=\"https:\/\/www.smarmec.com\/wp-content\/uploads\/2022\/01\/smarmec-noticia-sostenibilidad.jpg\" \/>\n\t<meta property=\"og:image:width\" content=\"900\" \/>\n\t<meta property=\"og:image:height\" content=\"600\" \/>\n\t<meta property=\"og:image:type\" content=\"image\/jpeg\" \/>\n<meta name=\"author\" content=\"SMARMEC\" \/>\n<meta name=\"twitter:card\" content=\"summary_large_image\" \/>\n<meta name=\"twitter:label1\" content=\"Escrito por\" \/>\n\t<meta name=\"twitter:data1\" content=\"SMARMEC\" \/>\n\t<meta name=\"twitter:label2\" content=\"Tiempo de lectura\" \/>\n\t<meta name=\"twitter:data2\" content=\"5 minutos\" \/>\n<script type=\"application\/ld+json\" class=\"yoast-schema-graph\">{\"@context\":\"https:\\\/\\\/schema.org\",\"@graph\":[{\"@type\":\"Article\",\"@id\":\"https:\\\/\\\/www.smarmec.com\\\/es\\\/noticias\\\/sostenibilidad-mas-que-un-objetivo-una-conviccion\\\/#article\",\"isPartOf\":{\"@id\":\"https:\\\/\\\/www.smarmec.com\\\/es\\\/noticias\\\/sostenibilidad-mas-que-un-objetivo-una-conviccion\\\/\"},\"author\":{\"name\":\"SMARMEC\",\"@id\":\"https:\\\/\\\/www.smarmec.com\\\/es\\\/#\\\/schema\\\/person\\\/6d30a57ce79ac90af4f1173d079390c4\"},\"headline\":\"Sostenibilidad: m\u00e1s que un objetivo, una convicci\u00f3n\",\"datePublished\":\"2021-07-30T12:19:01+00:00\",\"dateModified\":\"2022-06-06T10:18:55+00:00\",\"mainEntityOfPage\":{\"@id\":\"https:\\\/\\\/www.smarmec.com\\\/es\\\/noticias\\\/sostenibilidad-mas-que-un-objetivo-una-conviccion\\\/\"},\"wordCount\":940,\"image\":{\"@id\":\"https:\\\/\\\/www.smarmec.com\\\/es\\\/noticias\\\/sostenibilidad-mas-que-un-objetivo-una-conviccion\\\/#primaryimage\"},\"thumbnailUrl\":\"https:\\\/\\\/www.smarmec.com\\\/wp-content\\\/uploads\\\/2022\\\/01\\\/smarmec-noticia-sostenibilidad.jpg\",\"articleSection\":[\"Sostenibilidad\"],\"inLanguage\":\"es\"},{\"@type\":\"WebPage\",\"@id\":\"https:\\\/\\\/www.smarmec.com\\\/es\\\/noticias\\\/sostenibilidad-mas-que-un-objetivo-una-conviccion\\\/\",\"url\":\"https:\\\/\\\/www.smarmec.com\\\/es\\\/noticias\\\/sostenibilidad-mas-que-un-objetivo-una-conviccion\\\/\",\"name\":\"Sostenibilidad: m\u00e1s que un objetivo, una convicci\u00f3n - SMARMEC\",\"isPartOf\":{\"@id\":\"https:\\\/\\\/www.smarmec.com\\\/es\\\/#website\"},\"primaryImageOfPage\":{\"@id\":\"https:\\\/\\\/www.smarmec.com\\\/es\\\/noticias\\\/sostenibilidad-mas-que-un-objetivo-una-conviccion\\\/#primaryimage\"},\"image\":{\"@id\":\"https:\\\/\\\/www.smarmec.com\\\/es\\\/noticias\\\/sostenibilidad-mas-que-un-objetivo-una-conviccion\\\/#primaryimage\"},\"thumbnailUrl\":\"https:\\\/\\\/www.smarmec.com\\\/wp-content\\\/uploads\\\/2022\\\/01\\\/smarmec-noticia-sostenibilidad.jpg\",\"datePublished\":\"2021-07-30T12:19:01+00:00\",\"dateModified\":\"2022-06-06T10:18:55+00:00\",\"author\":{\"@id\":\"https:\\\/\\\/www.smarmec.com\\\/es\\\/#\\\/schema\\\/person\\\/6d30a57ce79ac90af4f1173d079390c4\"},\"breadcrumb\":{\"@id\":\"https:\\\/\\\/www.smarmec.com\\\/es\\\/noticias\\\/sostenibilidad-mas-que-un-objetivo-una-conviccion\\\/#breadcrumb\"},\"inLanguage\":\"es\",\"potentialAction\":[{\"@type\":\"ReadAction\",\"target\":[\"https:\\\/\\\/www.smarmec.com\\\/es\\\/noticias\\\/sostenibilidad-mas-que-un-objetivo-una-conviccion\\\/\"]}]},{\"@type\":\"ImageObject\",\"inLanguage\":\"es\",\"@id\":\"https:\\\/\\\/www.smarmec.com\\\/es\\\/noticias\\\/sostenibilidad-mas-que-un-objetivo-una-conviccion\\\/#primaryimage\",\"url\":\"https:\\\/\\\/www.smarmec.com\\\/wp-content\\\/uploads\\\/2022\\\/01\\\/smarmec-noticia-sostenibilidad.jpg\",\"contentUrl\":\"https:\\\/\\\/www.smarmec.com\\\/wp-content\\\/uploads\\\/2022\\\/01\\\/smarmec-noticia-sostenibilidad.jpg\",\"width\":900,\"height\":600,\"caption\":\"Sostenibilidad: m\u00e1s que un objetivo, una convicci\u00f3n\"},{\"@type\":\"BreadcrumbList\",\"@id\":\"https:\\\/\\\/www.smarmec.com\\\/es\\\/noticias\\\/sostenibilidad-mas-que-un-objetivo-una-conviccion\\\/#breadcrumb\",\"itemListElement\":[{\"@type\":\"ListItem\",\"position\":1,\"name\":\"Portada\",\"item\":\"https:\\\/\\\/www.smarmec.com\\\/es\\\/\"},{\"@type\":\"ListItem\",\"position\":2,\"name\":\"Sostenibilidad: m\u00e1s que un objetivo, una convicci\u00f3n\"}]},{\"@type\":\"WebSite\",\"@id\":\"https:\\\/\\\/www.smarmec.com\\\/es\\\/#website\",\"url\":\"https:\\\/\\\/www.smarmec.com\\\/es\\\/\",\"name\":\"SMARMEC\",\"description\":\"Design &amp; Manufacturing Ideas\",\"potentialAction\":[{\"@type\":\"SearchAction\",\"target\":{\"@type\":\"EntryPoint\",\"urlTemplate\":\"https:\\\/\\\/www.smarmec.com\\\/es\\\/?s={search_term_string}\"},\"query-input\":{\"@type\":\"PropertyValueSpecification\",\"valueRequired\":true,\"valueName\":\"search_term_string\"}}],\"inLanguage\":\"es\"},{\"@type\":\"Person\",\"@id\":\"https:\\\/\\\/www.smarmec.com\\\/es\\\/#\\\/schema\\\/person\\\/6d30a57ce79ac90af4f1173d079390c4\",\"name\":\"SMARMEC\"}]}<\/script>\n<!-- \/ Yoast SEO plugin. -->","yoast_head_json":{"title":"Sostenibilidad: m\u00e1s que un objetivo, una convicci\u00f3n - SMARMEC","robots":{"index":"index","follow":"follow","max-snippet":"max-snippet:-1","max-image-preview":"max-image-preview:large","max-video-preview":"max-video-preview:-1"},"canonical":"https:\/\/www.smarmec.com\/es\/noticias\/sostenibilidad-mas-que-un-objetivo-una-conviccion\/","og_locale":"es_ES","og_type":"article","og_title":"Sostenibilidad: m\u00e1s que un objetivo, una convicci\u00f3n - SMARMEC","og_description":"Velamos por el acceso a una energ\u00eda respetuosa con el medioambiente, la igualdad y el crecimiento econ\u00f3mico inclusivo...","og_url":"https:\/\/www.smarmec.com\/es\/noticias\/sostenibilidad-mas-que-un-objetivo-una-conviccion\/","og_site_name":"SMARMEC","article_published_time":"2021-07-30T12:19:01+00:00","article_modified_time":"2022-06-06T10:18:55+00:00","og_image":[{"width":900,"height":600,"url":"https:\/\/www.smarmec.com\/wp-content\/uploads\/2022\/01\/smarmec-noticia-sostenibilidad.jpg","type":"image\/jpeg"}],"author":"SMARMEC","twitter_card":"summary_large_image","twitter_misc":{"Escrito por":"SMARMEC","Tiempo de lectura":"5 minutos"},"schema":{"@context":"https:\/\/schema.org","@graph":[{"@type":"Article","@id":"https:\/\/www.smarmec.com\/es\/noticias\/sostenibilidad-mas-que-un-objetivo-una-conviccion\/#article","isPartOf":{"@id":"https:\/\/www.smarmec.com\/es\/noticias\/sostenibilidad-mas-que-un-objetivo-una-conviccion\/"},"author":{"name":"SMARMEC","@id":"https:\/\/www.smarmec.com\/es\/#\/schema\/person\/6d30a57ce79ac90af4f1173d079390c4"},"headline":"Sostenibilidad: m\u00e1s que un objetivo, una convicci\u00f3n","datePublished":"2021-07-30T12:19:01+00:00","dateModified":"2022-06-06T10:18:55+00:00","mainEntityOfPage":{"@id":"https:\/\/www.smarmec.com\/es\/noticias\/sostenibilidad-mas-que-un-objetivo-una-conviccion\/"},"wordCount":940,"image":{"@id":"https:\/\/www.smarmec.com\/es\/noticias\/sostenibilidad-mas-que-un-objetivo-una-conviccion\/#primaryimage"},"thumbnailUrl":"https:\/\/www.smarmec.com\/wp-content\/uploads\/2022\/01\/smarmec-noticia-sostenibilidad.jpg","articleSection":["Sostenibilidad"],"inLanguage":"es"},{"@type":"WebPage","@id":"https:\/\/www.smarmec.com\/es\/noticias\/sostenibilidad-mas-que-un-objetivo-una-conviccion\/","url":"https:\/\/www.smarmec.com\/es\/noticias\/sostenibilidad-mas-que-un-objetivo-una-conviccion\/","name":"Sostenibilidad: m\u00e1s que un objetivo, una convicci\u00f3n - SMARMEC","isPartOf":{"@id":"https:\/\/www.smarmec.com\/es\/#website"},"primaryImageOfPage":{"@id":"https:\/\/www.smarmec.com\/es\/noticias\/sostenibilidad-mas-que-un-objetivo-una-conviccion\/#primaryimage"},"image":{"@id":"https:\/\/www.smarmec.com\/es\/noticias\/sostenibilidad-mas-que-un-objetivo-una-conviccion\/#primaryimage"},"thumbnailUrl":"https:\/\/www.smarmec.com\/wp-content\/uploads\/2022\/01\/smarmec-noticia-sostenibilidad.jpg","datePublished":"2021-07-30T12:19:01+00:00","dateModified":"2022-06-06T10:18:55+00:00","author":{"@id":"https:\/\/www.smarmec.com\/es\/#\/schema\/person\/6d30a57ce79ac90af4f1173d079390c4"},"breadcrumb":{"@id":"https:\/\/www.smarmec.com\/es\/noticias\/sostenibilidad-mas-que-un-objetivo-una-conviccion\/#breadcrumb"},"inLanguage":"es","potentialAction":[{"@type":"ReadAction","target":["https:\/\/www.smarmec.com\/es\/noticias\/sostenibilidad-mas-que-un-objetivo-una-conviccion\/"]}]},{"@type":"ImageObject","inLanguage":"es","@id":"https:\/\/www.smarmec.com\/es\/noticias\/sostenibilidad-mas-que-un-objetivo-una-conviccion\/#primaryimage","url":"https:\/\/www.smarmec.com\/wp-content\/uploads\/2022\/01\/smarmec-noticia-sostenibilidad.jpg","contentUrl":"https:\/\/www.smarmec.com\/wp-content\/uploads\/2022\/01\/smarmec-noticia-sostenibilidad.jpg","width":900,"height":600,"caption":"Sostenibilidad: m\u00e1s que un objetivo, una convicci\u00f3n"},{"@type":"BreadcrumbList","@id":"https:\/\/www.smarmec.com\/es\/noticias\/sostenibilidad-mas-que-un-objetivo-una-conviccion\/#breadcrumb","itemListElement":[{"@type":"ListItem","position":1,"name":"Portada","item":"https:\/\/www.smarmec.com\/es\/"},{"@type":"ListItem","position":2,"name":"Sostenibilidad: m\u00e1s que un objetivo, una convicci\u00f3n"}]},{"@type":"WebSite","@id":"https:\/\/www.smarmec.com\/es\/#website","url":"https:\/\/www.smarmec.com\/es\/","name":"SMARMEC","description":"Design &amp; Manufacturing Ideas","potentialAction":[{"@type":"SearchAction","target":{"@type":"EntryPoint","urlTemplate":"https:\/\/www.smarmec.com\/es\/?s={search_term_string}"},"query-input":{"@type":"PropertyValueSpecification","valueRequired":true,"valueName":"search_term_string"}}],"inLanguage":"es"},{"@type":"Person","@id":"https:\/\/www.smarmec.com\/es\/#\/schema\/person\/6d30a57ce79ac90af4f1173d079390c4","name":"SMARMEC"}]}},"jetpack_featured_media_url":"https:\/\/www.smarmec.com\/wp-content\/uploads\/2022\/01\/smarmec-noticia-sostenibilidad.jpg","jetpack_sharing_enabled":true,"_links":{"self":[{"href":"https:\/\/www.smarmec.com\/es\/wp-json\/wp\/v2\/posts\/579","targetHints":{"allow":["GET"]}}],"collection":[{"href":"https:\/\/www.smarmec.com\/es\/wp-json\/wp\/v2\/posts"}],"about":[{"href":"https:\/\/www.smarmec.com\/es\/wp-json\/wp\/v2\/types\/post"}],"author":[{"embeddable":true,"href":"https:\/\/www.smarmec.com\/es\/wp-json\/wp\/v2\/users\/2"}],"replies":[{"embeddable":true,"href":"https:\/\/www.smarmec.com\/es\/wp-json\/wp\/v2\/comments?post=579"}],"version-history":[{"count":6,"href":"https:\/\/www.smarmec.com\/es\/wp-json\/wp\/v2\/posts\/579\/revisions"}],"predecessor-version":[{"id":586,"href":"https:\/\/www.smarmec.com\/es\/wp-json\/wp\/v2\/posts\/579\/revisions\/586"}],"wp:featuredmedia":[{"embeddable":true,"href":"https:\/\/www.smarmec.com\/es\/wp-json\/wp\/v2\/media\/583"}],"wp:attachment":[{"href":"https:\/\/www.smarmec.com\/es\/wp-json\/wp\/v2\/media?parent=579"}],"wp:term":[{"taxonomy":"category","embeddable":true,"href":"https:\/\/www.smarmec.com\/es\/wp-json\/wp\/v2\/categories?post=579"},{"taxonomy":"post_tag","embeddable":true,"href":"https:\/\/www.smarmec.com\/es\/wp-json\/wp\/v2\/tags?post=579"}],"curies":[{"name":"wp","href":"https:\/\/api.w.org\/{rel}","templated":true}]}}