{"id":3469,"date":"2023-06-05T10:17:44","date_gmt":"2023-06-05T08:17:44","guid":{"rendered":"https:\/\/www.smarmec.com\/?p=3469"},"modified":"2023-06-05T10:20:49","modified_gmt":"2023-06-05T08:20:49","slug":"smarmec-partner-en-la-fabricacion-de-cargadores-para-vehiculos-electricos","status":"publish","type":"post","link":"https:\/\/www.smarmec.com\/es\/noticias\/smarmec-partner-en-la-fabricacion-de-cargadores-para-vehiculos-electricos\/","title":{"rendered":"Smarmec, partner en la fabricaci\u00f3n de cargadores para veh\u00edculos el\u00e9ctricos"},"content":{"rendered":"<h2><strong>Contribuimos a la movilidad sostenible con nuestro conocimiento en el manejo de conjuntos met\u00e1licos destinados a la fabricaci\u00f3n de cargadores de veh\u00edculos <\/strong><\/h2>\n<p>La sociedad est\u00e1 viviendo toda una revoluci\u00f3n en materia de electrificaci\u00f3n de nuestro transporte. La creciente necesidad de buscar soluciones sostenibles y respetuosas con el medio ambiente han provocado que las miradas se vuelquen en el veh\u00edculo el\u00e9ctrico como una de las alternativas m\u00e1s s\u00f3lidas y prometedoras, a su vez, para lograr minimizar los efectos que nuestros desplazamientos por carretera causan en el medio ambiente. As\u00ed, hoy queremos darte a conocer nuestra s\u00f3lida trayectoria como empresa reconocida, a nivel internacional, en la fabricaci\u00f3n para cargadores de veh\u00edculos el\u00e9ctricos; fundamentales para garantizar el correcto funcionamiento de la red de transporte.<\/p>\n<p>Y es que nuestros m\u00e1s de 35 a\u00f1os dedicados a la fabricaci\u00f3n de productos robustos y de calidad basados en subconjuntos met\u00e1licos han puesto nuestro conocimiento al servicio del sector e-mobility; encarg\u00e1ndonos de la fabricaci\u00f3n de las envolventes met\u00e1licas y los conjuntos estructurales de los cargadores de veh\u00edculos el\u00e9ctricos. Estos equipos se instalan en los <a href=\"https:\/\/map.electromaps.com\/es\">puntos de recarga<\/a> que utiliza el usuario final cuando acude a recargar la bater\u00eda de su autom\u00f3vil, garantizando un servicio seguro y de calidad.<\/p>\n<p>No en vano, nuestra presencia global y, especialmente, nuestra especializaci\u00f3n en procesos de soldadura y acabados cosm\u00e9ticos nos han situado como uno de los mejores partners en la fabricaci\u00f3n de cargadores para veh\u00edculos el\u00e9ctricos; dada nuestra gran flexibilidad de adaptaci\u00f3n a las necesidades de los clientes. Un requisito indispensable en un mercado tan exigente como evolutivo.<\/p>\n<p>\u00bfTodav\u00eda no te queda claro lo que hacemos? No te preocupes, te contamos uno de nuestros casos de \u00e9xito en la fabricaci\u00f3n de cargadores el\u00e9ctricos.<\/p>\n<figure id=\"attachment_2866\" class=\"thumbnail wp-caption aligncenter\" style=\"width: 600px\"><a href=\"https:\/\/www.smarmec.com\/es\/casos-de-exito\/cargadores-movilidad-electrica\/\"><img loading=\"lazy\" decoding=\"async\" class=\"wp-image-2866 size-full\" title=\"En Smarmec somos fabricantes de cargadores para veh\u00edculo el\u00e9ctrico a nivel internacional\" src=\"https:\/\/www.smarmec.com\/wp-content\/uploads\/2023\/02\/smarmec-cargadores-en-linea-endesa.jpg\" alt=\"En Smarmec somos fabricantes de cargadores para veh\u00edculo el\u00e9ctrico a nivel internacional\" width=\"600\" height=\"450\" srcset=\"https:\/\/www.smarmec.com\/wp-content\/uploads\/2023\/02\/smarmec-cargadores-en-linea-endesa.jpg 600w, https:\/\/www.smarmec.com\/wp-content\/uploads\/2023\/02\/smarmec-cargadores-en-linea-endesa-300x225.jpg 300w\" sizes=\"auto, (max-width: 600px) 100vw, 600px\" \/><\/a><figcaption class=\"caption wp-caption-text\">En Smarmec somos fabricantes de cargadores para veh\u00edculo el\u00e9ctrico a nivel internacional<\/figcaption><\/figure>\n<p>Nuestro cliente, uno de los principales fabricantes de equipos de carga de veh\u00edculos el\u00e9ctricos en China, necesitaba un socio que supiera adaptarse a la variabilidad constante del sector, lo que se traduc\u00eda en la necesidad de ser flexibles para asumir continuos cambios de dise\u00f1o en el producto. Asimismo, se deb\u00edan de cumplir plazos extremadamente cortos.<\/p>\n<p>En Smarmec cumplimos con creces ambas condiciones. Respondimos a los plazos de urgencia e hicimos frente a una gran cantidad de cambios de dise\u00f1o en paralelo a la producci\u00f3n seriada.<\/p>\n<p>En poco tiempo, fabricamos las envolventes met\u00e1licas y los conjuntos estructurales de los cargadores solicitados, consiguiendo la homologaci\u00f3n -por parte del cliente- de 4 familias de producto en tiempo r\u00e9cord.<\/p>\n<p>Para ello, pusimos en marcha l\u00edneas de soldadura y montaje espec\u00edficas. De esta forma, pudimos aumentar nuestra capacidad de producci\u00f3n a la vez que nos adapt\u00e1bamos a la flexibilidad requerida por una demanda variable.<\/p>\n<p>El resultado fueron 4 l\u00edneas de producto testados y homologados por el cliente en su fase de producci\u00f3n en serie.<\/p>\n<p>Resulta fascinante, \u00bfverdad? Si tienes cualquier consulta sobre c\u00f3mo podemos ayudarte en la fabricaci\u00f3n de cargadores, no dudes en ponerte en contacto con nosotros, te contestaremos a la mayor brevedad posible<\/p>\n","protected":false},"excerpt":{"rendered":"<p>Contribuimos a la movilidad sostenible con nuestro conocimiento en el manejo de conjuntos met\u00e1licos destinados a la fabricaci\u00f3n de cargadores de veh\u00edculos La sociedad est\u00e1 viviendo toda una revoluci\u00f3n en<\/p>\n","protected":false},"author":2,"featured_media":3470,"comment_status":"closed","ping_status":"closed","sticky":false,"template":"","format":"standard","meta":{"inline_featured_image":false,"_jetpack_memberships_contains_paid_content":false,"footnotes":""},"categories":[5],"tags":[218,221,114,217,220,219],"class_list":["post-3469","post","type-post","status-publish","format-standard","has-post-thumbnail","hentry","category-energia","tag-cargadores","tag-emobility","tag-fabricacion","tag-fabricacion-de-cargadores","tag-movilidad-electrica","tag-vehiculo-electrico"],"yoast_head":"<!-- This site is optimized with the Yoast SEO plugin v27.5 - https:\/\/yoast.com\/product\/yoast-seo-wordpress\/ -->\n<title>Smarmec, partner en la fabricaci\u00f3n de cargadores para veh\u00edculos el\u00e9ctricos - SMARMEC<\/title>\n<meta name=\"description\" content=\"Contribuimos a la movilidad sostenible con nuestro conocimiento en el manejo de conjuntos met\u00e1licos destinados a la fabricaci\u00f3n de cargadores de veh\u00edculos\" \/>\n<meta name=\"robots\" content=\"index, follow, max-snippet:-1, max-image-preview:large, max-video-preview:-1\" \/>\n<link rel=\"canonical\" href=\"https:\/\/www.smarmec.com\/es\/noticias\/smarmec-partner-en-la-fabricacion-de-cargadores-para-vehiculos-electricos\/\" \/>\n<meta property=\"og:locale\" content=\"es_ES\" \/>\n<meta property=\"og:type\" content=\"article\" \/>\n<meta property=\"og:title\" content=\"Smarmec, partner en la fabricaci\u00f3n de cargadores para veh\u00edculos el\u00e9ctricos - SMARMEC\" \/>\n<meta property=\"og:description\" content=\"Contribuimos a la movilidad sostenible con nuestro conocimiento en el manejo de conjuntos met\u00e1licos destinados a la fabricaci\u00f3n de cargadores de veh\u00edculos\" \/>\n<meta property=\"og:url\" content=\"https:\/\/www.smarmec.com\/es\/noticias\/smarmec-partner-en-la-fabricacion-de-cargadores-para-vehiculos-electricos\/\" \/>\n<meta property=\"og:site_name\" content=\"SMARMEC\" \/>\n<meta property=\"article:published_time\" content=\"2023-06-05T08:17:44+00:00\" \/>\n<meta property=\"article:modified_time\" content=\"2023-06-05T08:20:49+00:00\" \/>\n<meta property=\"og:image\" content=\"https:\/\/www.smarmec.com\/wp-content\/uploads\/2023\/04\/shutterstock_2066775209-Copy.jpg\" \/>\n\t<meta property=\"og:image:width\" content=\"4553\" \/>\n\t<meta property=\"og:image:height\" content=\"2072\" \/>\n\t<meta property=\"og:image:type\" content=\"image\/jpeg\" \/>\n<meta name=\"author\" content=\"SMARMEC\" \/>\n<meta name=\"twitter:card\" content=\"summary_large_image\" \/>\n<meta name=\"twitter:label1\" content=\"Escrito por\" \/>\n\t<meta name=\"twitter:data1\" content=\"SMARMEC\" \/>\n\t<meta name=\"twitter:label2\" content=\"Tiempo de lectura\" \/>\n\t<meta name=\"twitter:data2\" content=\"3 minutos\" \/>\n<script type=\"application\/ld+json\" class=\"yoast-schema-graph\">{\"@context\":\"https:\\\/\\\/schema.org\",\"@graph\":[{\"@type\":\"Article\",\"@id\":\"https:\\\/\\\/www.smarmec.com\\\/es\\\/noticias\\\/smarmec-partner-en-la-fabricacion-de-cargadores-para-vehiculos-electricos\\\/#article\",\"isPartOf\":{\"@id\":\"https:\\\/\\\/www.smarmec.com\\\/es\\\/noticias\\\/smarmec-partner-en-la-fabricacion-de-cargadores-para-vehiculos-electricos\\\/\"},\"author\":{\"name\":\"SMARMEC\",\"@id\":\"https:\\\/\\\/www.smarmec.com\\\/es\\\/#\\\/schema\\\/person\\\/6d30a57ce79ac90af4f1173d079390c4\"},\"headline\":\"Smarmec, partner en la fabricaci\u00f3n de cargadores para veh\u00edculos el\u00e9ctricos\",\"datePublished\":\"2023-06-05T08:17:44+00:00\",\"dateModified\":\"2023-06-05T08:20:49+00:00\",\"mainEntityOfPage\":{\"@id\":\"https:\\\/\\\/www.smarmec.com\\\/es\\\/noticias\\\/smarmec-partner-en-la-fabricacion-de-cargadores-para-vehiculos-electricos\\\/\"},\"wordCount\":563,\"image\":{\"@id\":\"https:\\\/\\\/www.smarmec.com\\\/es\\\/noticias\\\/smarmec-partner-en-la-fabricacion-de-cargadores-para-vehiculos-electricos\\\/#primaryimage\"},\"thumbnailUrl\":\"https:\\\/\\\/www.smarmec.com\\\/wp-content\\\/uploads\\\/2023\\\/04\\\/shutterstock_2066775209-Copy.jpg\",\"keywords\":[\"cargadores\",\"emobility\",\"fabricaci\u00f3n\",\"fabricaci\u00f3n de cargadores\",\"movilidad el\u00e9ctrica\",\"vehiculo electrico\"],\"articleSection\":[\"Energ\u00eda\"],\"inLanguage\":\"es\"},{\"@type\":\"WebPage\",\"@id\":\"https:\\\/\\\/www.smarmec.com\\\/es\\\/noticias\\\/smarmec-partner-en-la-fabricacion-de-cargadores-para-vehiculos-electricos\\\/\",\"url\":\"https:\\\/\\\/www.smarmec.com\\\/es\\\/noticias\\\/smarmec-partner-en-la-fabricacion-de-cargadores-para-vehiculos-electricos\\\/\",\"name\":\"Smarmec, partner en la fabricaci\u00f3n de cargadores para veh\u00edculos el\u00e9ctricos - SMARMEC\",\"isPartOf\":{\"@id\":\"https:\\\/\\\/www.smarmec.com\\\/es\\\/#website\"},\"primaryImageOfPage\":{\"@id\":\"https:\\\/\\\/www.smarmec.com\\\/es\\\/noticias\\\/smarmec-partner-en-la-fabricacion-de-cargadores-para-vehiculos-electricos\\\/#primaryimage\"},\"image\":{\"@id\":\"https:\\\/\\\/www.smarmec.com\\\/es\\\/noticias\\\/smarmec-partner-en-la-fabricacion-de-cargadores-para-vehiculos-electricos\\\/#primaryimage\"},\"thumbnailUrl\":\"https:\\\/\\\/www.smarmec.com\\\/wp-content\\\/uploads\\\/2023\\\/04\\\/shutterstock_2066775209-Copy.jpg\",\"datePublished\":\"2023-06-05T08:17:44+00:00\",\"dateModified\":\"2023-06-05T08:20:49+00:00\",\"author\":{\"@id\":\"https:\\\/\\\/www.smarmec.com\\\/es\\\/#\\\/schema\\\/person\\\/6d30a57ce79ac90af4f1173d079390c4\"},\"description\":\"Contribuimos a la movilidad sostenible con nuestro conocimiento en el manejo de conjuntos met\u00e1licos destinados a la fabricaci\u00f3n de cargadores de veh\u00edculos\",\"breadcrumb\":{\"@id\":\"https:\\\/\\\/www.smarmec.com\\\/es\\\/noticias\\\/smarmec-partner-en-la-fabricacion-de-cargadores-para-vehiculos-electricos\\\/#breadcrumb\"},\"inLanguage\":\"es\",\"potentialAction\":[{\"@type\":\"ReadAction\",\"target\":[\"https:\\\/\\\/www.smarmec.com\\\/es\\\/noticias\\\/smarmec-partner-en-la-fabricacion-de-cargadores-para-vehiculos-electricos\\\/\"]}]},{\"@type\":\"ImageObject\",\"inLanguage\":\"es\",\"@id\":\"https:\\\/\\\/www.smarmec.com\\\/es\\\/noticias\\\/smarmec-partner-en-la-fabricacion-de-cargadores-para-vehiculos-electricos\\\/#primaryimage\",\"url\":\"https:\\\/\\\/www.smarmec.com\\\/wp-content\\\/uploads\\\/2023\\\/04\\\/shutterstock_2066775209-Copy.jpg\",\"contentUrl\":\"https:\\\/\\\/www.smarmec.com\\\/wp-content\\\/uploads\\\/2023\\\/04\\\/shutterstock_2066775209-Copy.jpg\",\"width\":4553,\"height\":2072,\"caption\":\"Fabricantes de cargadores para veh\u00edculo el\u00e9ctrico\"},{\"@type\":\"BreadcrumbList\",\"@id\":\"https:\\\/\\\/www.smarmec.com\\\/es\\\/noticias\\\/smarmec-partner-en-la-fabricacion-de-cargadores-para-vehiculos-electricos\\\/#breadcrumb\",\"itemListElement\":[{\"@type\":\"ListItem\",\"position\":1,\"name\":\"Portada\",\"item\":\"https:\\\/\\\/www.smarmec.com\\\/es\\\/\"},{\"@type\":\"ListItem\",\"position\":2,\"name\":\"Smarmec, partner en la fabricaci\u00f3n de cargadores para veh\u00edculos el\u00e9ctricos\"}]},{\"@type\":\"WebSite\",\"@id\":\"https:\\\/\\\/www.smarmec.com\\\/es\\\/#website\",\"url\":\"https:\\\/\\\/www.smarmec.com\\\/es\\\/\",\"name\":\"SMARMEC\",\"description\":\"Design &amp; Manufacturing Ideas\",\"potentialAction\":[{\"@type\":\"SearchAction\",\"target\":{\"@type\":\"EntryPoint\",\"urlTemplate\":\"https:\\\/\\\/www.smarmec.com\\\/es\\\/?s={search_term_string}\"},\"query-input\":{\"@type\":\"PropertyValueSpecification\",\"valueRequired\":true,\"valueName\":\"search_term_string\"}}],\"inLanguage\":\"es\"},{\"@type\":\"Person\",\"@id\":\"https:\\\/\\\/www.smarmec.com\\\/es\\\/#\\\/schema\\\/person\\\/6d30a57ce79ac90af4f1173d079390c4\",\"name\":\"SMARMEC\"}]}<\/script>\n<!-- \/ Yoast SEO plugin. -->","yoast_head_json":{"title":"Smarmec, partner en la fabricaci\u00f3n de cargadores para veh\u00edculos el\u00e9ctricos - SMARMEC","description":"Contribuimos a la movilidad sostenible con nuestro conocimiento en el manejo de conjuntos met\u00e1licos destinados a la fabricaci\u00f3n de cargadores de veh\u00edculos","robots":{"index":"index","follow":"follow","max-snippet":"max-snippet:-1","max-image-preview":"max-image-preview:large","max-video-preview":"max-video-preview:-1"},"canonical":"https:\/\/www.smarmec.com\/es\/noticias\/smarmec-partner-en-la-fabricacion-de-cargadores-para-vehiculos-electricos\/","og_locale":"es_ES","og_type":"article","og_title":"Smarmec, partner en la fabricaci\u00f3n de cargadores para veh\u00edculos el\u00e9ctricos - SMARMEC","og_description":"Contribuimos a la movilidad sostenible con nuestro conocimiento en el manejo de conjuntos met\u00e1licos destinados a la fabricaci\u00f3n de cargadores de veh\u00edculos","og_url":"https:\/\/www.smarmec.com\/es\/noticias\/smarmec-partner-en-la-fabricacion-de-cargadores-para-vehiculos-electricos\/","og_site_name":"SMARMEC","article_published_time":"2023-06-05T08:17:44+00:00","article_modified_time":"2023-06-05T08:20:49+00:00","og_image":[{"width":4553,"height":2072,"url":"https:\/\/www.smarmec.com\/wp-content\/uploads\/2023\/04\/shutterstock_2066775209-Copy.jpg","type":"image\/jpeg"}],"author":"SMARMEC","twitter_card":"summary_large_image","twitter_misc":{"Escrito por":"SMARMEC","Tiempo de lectura":"3 minutos"},"schema":{"@context":"https:\/\/schema.org","@graph":[{"@type":"Article","@id":"https:\/\/www.smarmec.com\/es\/noticias\/smarmec-partner-en-la-fabricacion-de-cargadores-para-vehiculos-electricos\/#article","isPartOf":{"@id":"https:\/\/www.smarmec.com\/es\/noticias\/smarmec-partner-en-la-fabricacion-de-cargadores-para-vehiculos-electricos\/"},"author":{"name":"SMARMEC","@id":"https:\/\/www.smarmec.com\/es\/#\/schema\/person\/6d30a57ce79ac90af4f1173d079390c4"},"headline":"Smarmec, partner en la fabricaci\u00f3n de cargadores para veh\u00edculos el\u00e9ctricos","datePublished":"2023-06-05T08:17:44+00:00","dateModified":"2023-06-05T08:20:49+00:00","mainEntityOfPage":{"@id":"https:\/\/www.smarmec.com\/es\/noticias\/smarmec-partner-en-la-fabricacion-de-cargadores-para-vehiculos-electricos\/"},"wordCount":563,"image":{"@id":"https:\/\/www.smarmec.com\/es\/noticias\/smarmec-partner-en-la-fabricacion-de-cargadores-para-vehiculos-electricos\/#primaryimage"},"thumbnailUrl":"https:\/\/www.smarmec.com\/wp-content\/uploads\/2023\/04\/shutterstock_2066775209-Copy.jpg","keywords":["cargadores","emobility","fabricaci\u00f3n","fabricaci\u00f3n de cargadores","movilidad el\u00e9ctrica","vehiculo electrico"],"articleSection":["Energ\u00eda"],"inLanguage":"es"},{"@type":"WebPage","@id":"https:\/\/www.smarmec.com\/es\/noticias\/smarmec-partner-en-la-fabricacion-de-cargadores-para-vehiculos-electricos\/","url":"https:\/\/www.smarmec.com\/es\/noticias\/smarmec-partner-en-la-fabricacion-de-cargadores-para-vehiculos-electricos\/","name":"Smarmec, partner en la fabricaci\u00f3n de cargadores para veh\u00edculos el\u00e9ctricos - SMARMEC","isPartOf":{"@id":"https:\/\/www.smarmec.com\/es\/#website"},"primaryImageOfPage":{"@id":"https:\/\/www.smarmec.com\/es\/noticias\/smarmec-partner-en-la-fabricacion-de-cargadores-para-vehiculos-electricos\/#primaryimage"},"image":{"@id":"https:\/\/www.smarmec.com\/es\/noticias\/smarmec-partner-en-la-fabricacion-de-cargadores-para-vehiculos-electricos\/#primaryimage"},"thumbnailUrl":"https:\/\/www.smarmec.com\/wp-content\/uploads\/2023\/04\/shutterstock_2066775209-Copy.jpg","datePublished":"2023-06-05T08:17:44+00:00","dateModified":"2023-06-05T08:20:49+00:00","author":{"@id":"https:\/\/www.smarmec.com\/es\/#\/schema\/person\/6d30a57ce79ac90af4f1173d079390c4"},"description":"Contribuimos a la movilidad sostenible con nuestro conocimiento en el manejo de conjuntos met\u00e1licos destinados a la fabricaci\u00f3n de cargadores de veh\u00edculos","breadcrumb":{"@id":"https:\/\/www.smarmec.com\/es\/noticias\/smarmec-partner-en-la-fabricacion-de-cargadores-para-vehiculos-electricos\/#breadcrumb"},"inLanguage":"es","potentialAction":[{"@type":"ReadAction","target":["https:\/\/www.smarmec.com\/es\/noticias\/smarmec-partner-en-la-fabricacion-de-cargadores-para-vehiculos-electricos\/"]}]},{"@type":"ImageObject","inLanguage":"es","@id":"https:\/\/www.smarmec.com\/es\/noticias\/smarmec-partner-en-la-fabricacion-de-cargadores-para-vehiculos-electricos\/#primaryimage","url":"https:\/\/www.smarmec.com\/wp-content\/uploads\/2023\/04\/shutterstock_2066775209-Copy.jpg","contentUrl":"https:\/\/www.smarmec.com\/wp-content\/uploads\/2023\/04\/shutterstock_2066775209-Copy.jpg","width":4553,"height":2072,"caption":"Fabricantes de cargadores para veh\u00edculo el\u00e9ctrico"},{"@type":"BreadcrumbList","@id":"https:\/\/www.smarmec.com\/es\/noticias\/smarmec-partner-en-la-fabricacion-de-cargadores-para-vehiculos-electricos\/#breadcrumb","itemListElement":[{"@type":"ListItem","position":1,"name":"Portada","item":"https:\/\/www.smarmec.com\/es\/"},{"@type":"ListItem","position":2,"name":"Smarmec, partner en la fabricaci\u00f3n de cargadores para veh\u00edculos el\u00e9ctricos"}]},{"@type":"WebSite","@id":"https:\/\/www.smarmec.com\/es\/#website","url":"https:\/\/www.smarmec.com\/es\/","name":"SMARMEC","description":"Design &amp; Manufacturing Ideas","potentialAction":[{"@type":"SearchAction","target":{"@type":"EntryPoint","urlTemplate":"https:\/\/www.smarmec.com\/es\/?s={search_term_string}"},"query-input":{"@type":"PropertyValueSpecification","valueRequired":true,"valueName":"search_term_string"}}],"inLanguage":"es"},{"@type":"Person","@id":"https:\/\/www.smarmec.com\/es\/#\/schema\/person\/6d30a57ce79ac90af4f1173d079390c4","name":"SMARMEC"}]}},"jetpack_featured_media_url":"https:\/\/www.smarmec.com\/wp-content\/uploads\/2023\/04\/shutterstock_2066775209-Copy.jpg","jetpack_sharing_enabled":true,"_links":{"self":[{"href":"https:\/\/www.smarmec.com\/es\/wp-json\/wp\/v2\/posts\/3469","targetHints":{"allow":["GET"]}}],"collection":[{"href":"https:\/\/www.smarmec.com\/es\/wp-json\/wp\/v2\/posts"}],"about":[{"href":"https:\/\/www.smarmec.com\/es\/wp-json\/wp\/v2\/types\/post"}],"author":[{"embeddable":true,"href":"https:\/\/www.smarmec.com\/es\/wp-json\/wp\/v2\/users\/2"}],"replies":[{"embeddable":true,"href":"https:\/\/www.smarmec.com\/es\/wp-json\/wp\/v2\/comments?post=3469"}],"version-history":[{"count":3,"href":"https:\/\/www.smarmec.com\/es\/wp-json\/wp\/v2\/posts\/3469\/revisions"}],"predecessor-version":[{"id":3748,"href":"https:\/\/www.smarmec.com\/es\/wp-json\/wp\/v2\/posts\/3469\/revisions\/3748"}],"wp:featuredmedia":[{"embeddable":true,"href":"https:\/\/www.smarmec.com\/es\/wp-json\/wp\/v2\/media\/3470"}],"wp:attachment":[{"href":"https:\/\/www.smarmec.com\/es\/wp-json\/wp\/v2\/media?parent=3469"}],"wp:term":[{"taxonomy":"category","embeddable":true,"href":"https:\/\/www.smarmec.com\/es\/wp-json\/wp\/v2\/categories?post=3469"},{"taxonomy":"post_tag","embeddable":true,"href":"https:\/\/www.smarmec.com\/es\/wp-json\/wp\/v2\/tags?post=3469"}],"curies":[{"name":"wp","href":"https:\/\/api.w.org\/{rel}","templated":true}]}}