{"id":2151,"date":"2022-11-29T14:08:41","date_gmt":"2022-11-29T14:08:41","guid":{"rendered":"https:\/\/www.smarmec.com\/?p=2151"},"modified":"2022-11-29T14:13:33","modified_gmt":"2022-11-29T14:13:33","slug":"smarmec-avanza-en-sus-objetivos-de-descarbonizacion-con-la-puesta-en-marcha-de-una-instalacion-fotovoltaica-en-su-fabrica-de-zamudio","status":"publish","type":"post","link":"https:\/\/www.smarmec.com\/es\/noticias\/smarmec-avanza-en-sus-objetivos-de-descarbonizacion-con-la-puesta-en-marcha-de-una-instalacion-fotovoltaica-en-su-fabrica-de-zamudio\/","title":{"rendered":"Smarmec avanza en sus objetivos de descarbonizaci\u00f3n con la puesta en marcha de una instalaci\u00f3n fotovoltaica en su f\u00e1brica de Zamudio"},"content":{"rendered":"<h2>El proyecto, desarrollado por Stratenergy, permite autogenerar m\u00e1s del 20% del consumo de energ\u00eda de la planta gracias a una potencia instalada de 20 kW situada en la cubierta de la factor\u00eda<\/h2>\n<p>Una instalaci\u00f3n fotovoltaica situada en la cubierta de la f\u00e1brica de Smarmec en Zamudio permitir\u00e1 a la compa\u00f1\u00eda autogenerar m\u00e1s del 20% del consumo anual de energ\u00eda de su actividad, avanzando en los compromisos de descarbonizaci\u00f3n y reduciendo su huella medioambiental, <a href=\"https:\/\/www.smarmec.com\/es\/conocenos\/quienes-somos\/\">tanto de la propia compa\u00f1\u00eda como de Velatia<\/a>, grupo al que pertenece la firma. El proyecto, desarrollado por Stratenergy \u2013partner de eficiencia energ\u00e9tica tambi\u00e9n perteneciente a Velatia- ha consistido en el despliegue de un total de 54 paneles, alimentados por un inversor fotovoltaico, que ocupan una extensi\u00f3n total de 120 metros cuadrados en el tejado de las instalaciones productivas de la firma y que cuentan con una potencia nominal de 20 kWn y una potencia pico de 24,7 kWp.<\/p>\n<figure id=\"attachment_2155\" class=\"thumbnail wp-caption aligncenter\" style=\"width: 1024px\"><img loading=\"lazy\" decoding=\"async\" class=\"wp-image-2155 size-large\" src=\"https:\/\/www.smarmec.com\/wp-content\/uploads\/2022\/11\/MicrosoftTeams-image-103-1024x768.jpg\" alt=\"La instalaci\u00f3n fotovoltaica generar\u00e1 m\u00e1s del 20% del consumo de la factor\u00eda de Smarmec\" width=\"1024\" height=\"768\" srcset=\"https:\/\/www.smarmec.com\/wp-content\/uploads\/2022\/11\/MicrosoftTeams-image-103-1024x768.jpg 1024w, https:\/\/www.smarmec.com\/wp-content\/uploads\/2022\/11\/MicrosoftTeams-image-103-300x225.jpg 300w, https:\/\/www.smarmec.com\/wp-content\/uploads\/2022\/11\/MicrosoftTeams-image-103-768x576.jpg 768w, https:\/\/www.smarmec.com\/wp-content\/uploads\/2022\/11\/MicrosoftTeams-image-103-1536x1153.jpg 1536w, https:\/\/www.smarmec.com\/wp-content\/uploads\/2022\/11\/MicrosoftTeams-image-103.jpg 1599w\" sizes=\"auto, (max-width: 1024px) 100vw, 1024px\" \/><figcaption class=\"caption wp-caption-text\">La instalaci\u00f3n fotovoltaica generar\u00e1 m\u00e1s del 20% del consumo de la factor\u00eda de Smarmec<\/figcaption><\/figure>\n<p>Este proyecto se acoge al programa de incentivos ligados al autoconsumo y almacenamiento enmarcado dentro del Plan de Recuperaci\u00f3n, Transformaci\u00f3n y Resiliencia, financiado por la Uni\u00f3n Europea \u2013 <a href=\"https:\/\/nexteugeneration.com\/\">NextGenerationEU<\/a>.<\/p>\n<p><strong><em>Consulta aqu\u00ed los detalles de financiaci\u00f3n p\u00fablica del proyecto:\u00a0<\/em><\/strong><\/p>\n<p><a href=\"https:\/\/www.smarmec.com\/wp-content\/uploads\/2022\/11\/Proyecto-fotovoltaico-Smarmec-NextGeneration.pdf\"><img loading=\"lazy\" decoding=\"async\" class=\"aligncenter wp-image-2161 size-large\" src=\"https:\/\/www.smarmec.com\/wp-content\/uploads\/2022\/11\/Financiacion-europea-proyecto-fotovoltaico-Smarmec-1024x724.png\" alt=\"\" width=\"1024\" height=\"724\" srcset=\"https:\/\/www.smarmec.com\/wp-content\/uploads\/2022\/11\/Financiacion-europea-proyecto-fotovoltaico-Smarmec-1024x724.png 1024w, https:\/\/www.smarmec.com\/wp-content\/uploads\/2022\/11\/Financiacion-europea-proyecto-fotovoltaico-Smarmec-300x212.png 300w, https:\/\/www.smarmec.com\/wp-content\/uploads\/2022\/11\/Financiacion-europea-proyecto-fotovoltaico-Smarmec-768x543.png 768w, https:\/\/www.smarmec.com\/wp-content\/uploads\/2022\/11\/Financiacion-europea-proyecto-fotovoltaico-Smarmec.png 1176w\" sizes=\"auto, (max-width: 1024px) 100vw, 1024px\" \/><\/a><\/p>\n","protected":false},"excerpt":{"rendered":"<p>El proyecto, desarrollado por Stratenergy, permite autogenerar m\u00e1s del 20% del consumo de energ\u00eda de la planta gracias a una potencia instalada de 20 kW situada en la cubierta de<\/p>\n","protected":false},"author":2,"featured_media":2152,"comment_status":"closed","ping_status":"closed","sticky":false,"template":"","format":"standard","meta":{"inline_featured_image":false,"_jetpack_memberships_contains_paid_content":false,"footnotes":""},"categories":[17,16],"tags":[55,52,53,56,54],"class_list":["post-2151","post","type-post","status-publish","format-standard","has-post-thumbnail","hentry","category-actualidad","category-sostenibilidad","tag-descarbonizacion","tag-instalacion-fotovoltaica","tag-placas-fotovoltaicas","tag-renovables","tag-smarmec"],"yoast_head":"<!-- This site is optimized with the Yoast SEO plugin v27.5 - https:\/\/yoast.com\/product\/yoast-seo-wordpress\/ -->\n<title>Smarmec avanza en sus objetivos de descarbonizaci\u00f3n con la puesta en marcha de una instalaci\u00f3n fotovoltaica en su f\u00e1brica de Zamudio - SMARMEC<\/title>\n<meta name=\"description\" content=\"Una instalaci\u00f3n fotovoltaica situada en la cubierta de la f\u00e1brica de Smarmec en Zamudio permitir\u00e1 a la compa\u00f1\u00eda autogenerar m\u00e1s del 20% del consumo anual de energ\u00eda de su actividad\" \/>\n<meta name=\"robots\" content=\"index, follow, max-snippet:-1, max-image-preview:large, max-video-preview:-1\" \/>\n<link rel=\"canonical\" href=\"https:\/\/www.smarmec.com\/es\/noticias\/smarmec-avanza-en-sus-objetivos-de-descarbonizacion-con-la-puesta-en-marcha-de-una-instalacion-fotovoltaica-en-su-fabrica-de-zamudio\/\" \/>\n<meta property=\"og:locale\" content=\"es_ES\" \/>\n<meta property=\"og:type\" content=\"article\" \/>\n<meta property=\"og:title\" content=\"Smarmec avanza en sus objetivos de descarbonizaci\u00f3n con la puesta en marcha de una instalaci\u00f3n fotovoltaica en su f\u00e1brica de Zamudio - SMARMEC\" \/>\n<meta property=\"og:description\" content=\"Una instalaci\u00f3n fotovoltaica situada en la cubierta de la f\u00e1brica de Smarmec en Zamudio permitir\u00e1 a la compa\u00f1\u00eda autogenerar m\u00e1s del 20% del consumo anual de energ\u00eda de su actividad\" \/>\n<meta property=\"og:url\" content=\"https:\/\/www.smarmec.com\/es\/noticias\/smarmec-avanza-en-sus-objetivos-de-descarbonizacion-con-la-puesta-en-marcha-de-una-instalacion-fotovoltaica-en-su-fabrica-de-zamudio\/\" \/>\n<meta property=\"og:site_name\" content=\"SMARMEC\" \/>\n<meta property=\"article:published_time\" content=\"2022-11-29T14:08:41+00:00\" \/>\n<meta property=\"article:modified_time\" content=\"2022-11-29T14:13:33+00:00\" \/>\n<meta property=\"og:image\" content=\"https:\/\/www.smarmec.com\/wp-content\/uploads\/2022\/11\/MicrosoftTeams-image-104.jpg\" \/>\n\t<meta property=\"og:image:width\" content=\"1599\" \/>\n\t<meta property=\"og:image:height\" content=\"1200\" \/>\n\t<meta property=\"og:image:type\" content=\"image\/jpeg\" \/>\n<meta name=\"author\" content=\"SMARMEC\" \/>\n<meta name=\"twitter:card\" content=\"summary_large_image\" \/>\n<meta name=\"twitter:label1\" content=\"Escrito por\" \/>\n\t<meta name=\"twitter:data1\" content=\"SMARMEC\" \/>\n\t<meta name=\"twitter:label2\" content=\"Tiempo de lectura\" \/>\n\t<meta name=\"twitter:data2\" content=\"2 minutos\" \/>\n<script type=\"application\/ld+json\" class=\"yoast-schema-graph\">{\"@context\":\"https:\\\/\\\/schema.org\",\"@graph\":[{\"@type\":\"Article\",\"@id\":\"https:\\\/\\\/www.smarmec.com\\\/es\\\/noticias\\\/smarmec-avanza-en-sus-objetivos-de-descarbonizacion-con-la-puesta-en-marcha-de-una-instalacion-fotovoltaica-en-su-fabrica-de-zamudio\\\/#article\",\"isPartOf\":{\"@id\":\"https:\\\/\\\/www.smarmec.com\\\/es\\\/noticias\\\/smarmec-avanza-en-sus-objetivos-de-descarbonizacion-con-la-puesta-en-marcha-de-una-instalacion-fotovoltaica-en-su-fabrica-de-zamudio\\\/\"},\"author\":{\"name\":\"SMARMEC\",\"@id\":\"https:\\\/\\\/www.smarmec.com\\\/es\\\/#\\\/schema\\\/person\\\/6d30a57ce79ac90af4f1173d079390c4\"},\"headline\":\"Smarmec avanza en sus objetivos de descarbonizaci\u00f3n con la puesta en marcha de una instalaci\u00f3n fotovoltaica en su f\u00e1brica de Zamudio\",\"datePublished\":\"2022-11-29T14:08:41+00:00\",\"dateModified\":\"2022-11-29T14:13:33+00:00\",\"mainEntityOfPage\":{\"@id\":\"https:\\\/\\\/www.smarmec.com\\\/es\\\/noticias\\\/smarmec-avanza-en-sus-objetivos-de-descarbonizacion-con-la-puesta-en-marcha-de-una-instalacion-fotovoltaica-en-su-fabrica-de-zamudio\\\/\"},\"wordCount\":247,\"image\":{\"@id\":\"https:\\\/\\\/www.smarmec.com\\\/es\\\/noticias\\\/smarmec-avanza-en-sus-objetivos-de-descarbonizacion-con-la-puesta-en-marcha-de-una-instalacion-fotovoltaica-en-su-fabrica-de-zamudio\\\/#primaryimage\"},\"thumbnailUrl\":\"https:\\\/\\\/www.smarmec.com\\\/wp-content\\\/uploads\\\/2022\\\/11\\\/MicrosoftTeams-image-104.jpg\",\"keywords\":[\"descarbonizaci\u00f3n\",\"instalaci\u00f3n fotovoltaica\",\"placas fotovoltaicas\",\"renovables\",\"smarmec\"],\"articleSection\":[\"Actualidad\",\"Sostenibilidad\"],\"inLanguage\":\"es\"},{\"@type\":\"WebPage\",\"@id\":\"https:\\\/\\\/www.smarmec.com\\\/es\\\/noticias\\\/smarmec-avanza-en-sus-objetivos-de-descarbonizacion-con-la-puesta-en-marcha-de-una-instalacion-fotovoltaica-en-su-fabrica-de-zamudio\\\/\",\"url\":\"https:\\\/\\\/www.smarmec.com\\\/es\\\/noticias\\\/smarmec-avanza-en-sus-objetivos-de-descarbonizacion-con-la-puesta-en-marcha-de-una-instalacion-fotovoltaica-en-su-fabrica-de-zamudio\\\/\",\"name\":\"Smarmec avanza en sus objetivos de descarbonizaci\u00f3n con la puesta en marcha de una instalaci\u00f3n fotovoltaica en su f\u00e1brica de Zamudio - SMARMEC\",\"isPartOf\":{\"@id\":\"https:\\\/\\\/www.smarmec.com\\\/es\\\/#website\"},\"primaryImageOfPage\":{\"@id\":\"https:\\\/\\\/www.smarmec.com\\\/es\\\/noticias\\\/smarmec-avanza-en-sus-objetivos-de-descarbonizacion-con-la-puesta-en-marcha-de-una-instalacion-fotovoltaica-en-su-fabrica-de-zamudio\\\/#primaryimage\"},\"image\":{\"@id\":\"https:\\\/\\\/www.smarmec.com\\\/es\\\/noticias\\\/smarmec-avanza-en-sus-objetivos-de-descarbonizacion-con-la-puesta-en-marcha-de-una-instalacion-fotovoltaica-en-su-fabrica-de-zamudio\\\/#primaryimage\"},\"thumbnailUrl\":\"https:\\\/\\\/www.smarmec.com\\\/wp-content\\\/uploads\\\/2022\\\/11\\\/MicrosoftTeams-image-104.jpg\",\"datePublished\":\"2022-11-29T14:08:41+00:00\",\"dateModified\":\"2022-11-29T14:13:33+00:00\",\"author\":{\"@id\":\"https:\\\/\\\/www.smarmec.com\\\/es\\\/#\\\/schema\\\/person\\\/6d30a57ce79ac90af4f1173d079390c4\"},\"description\":\"Una instalaci\u00f3n fotovoltaica situada en la cubierta de la f\u00e1brica de Smarmec en Zamudio permitir\u00e1 a la compa\u00f1\u00eda autogenerar m\u00e1s del 20% del consumo anual de energ\u00eda de su actividad\",\"breadcrumb\":{\"@id\":\"https:\\\/\\\/www.smarmec.com\\\/es\\\/noticias\\\/smarmec-avanza-en-sus-objetivos-de-descarbonizacion-con-la-puesta-en-marcha-de-una-instalacion-fotovoltaica-en-su-fabrica-de-zamudio\\\/#breadcrumb\"},\"inLanguage\":\"es\",\"potentialAction\":[{\"@type\":\"ReadAction\",\"target\":[\"https:\\\/\\\/www.smarmec.com\\\/es\\\/noticias\\\/smarmec-avanza-en-sus-objetivos-de-descarbonizacion-con-la-puesta-en-marcha-de-una-instalacion-fotovoltaica-en-su-fabrica-de-zamudio\\\/\"]}]},{\"@type\":\"ImageObject\",\"inLanguage\":\"es\",\"@id\":\"https:\\\/\\\/www.smarmec.com\\\/es\\\/noticias\\\/smarmec-avanza-en-sus-objetivos-de-descarbonizacion-con-la-puesta-en-marcha-de-una-instalacion-fotovoltaica-en-su-fabrica-de-zamudio\\\/#primaryimage\",\"url\":\"https:\\\/\\\/www.smarmec.com\\\/wp-content\\\/uploads\\\/2022\\\/11\\\/MicrosoftTeams-image-104.jpg\",\"contentUrl\":\"https:\\\/\\\/www.smarmec.com\\\/wp-content\\\/uploads\\\/2022\\\/11\\\/MicrosoftTeams-image-104.jpg\",\"width\":1599,\"height\":1200},{\"@type\":\"BreadcrumbList\",\"@id\":\"https:\\\/\\\/www.smarmec.com\\\/es\\\/noticias\\\/smarmec-avanza-en-sus-objetivos-de-descarbonizacion-con-la-puesta-en-marcha-de-una-instalacion-fotovoltaica-en-su-fabrica-de-zamudio\\\/#breadcrumb\",\"itemListElement\":[{\"@type\":\"ListItem\",\"position\":1,\"name\":\"Portada\",\"item\":\"https:\\\/\\\/www.smarmec.com\\\/es\\\/\"},{\"@type\":\"ListItem\",\"position\":2,\"name\":\"Smarmec avanza en sus objetivos de descarbonizaci\u00f3n con la puesta en marcha de una instalaci\u00f3n fotovoltaica en su f\u00e1brica de Zamudio\"}]},{\"@type\":\"WebSite\",\"@id\":\"https:\\\/\\\/www.smarmec.com\\\/es\\\/#website\",\"url\":\"https:\\\/\\\/www.smarmec.com\\\/es\\\/\",\"name\":\"SMARMEC\",\"description\":\"Design &amp; Manufacturing Ideas\",\"potentialAction\":[{\"@type\":\"SearchAction\",\"target\":{\"@type\":\"EntryPoint\",\"urlTemplate\":\"https:\\\/\\\/www.smarmec.com\\\/es\\\/?s={search_term_string}\"},\"query-input\":{\"@type\":\"PropertyValueSpecification\",\"valueRequired\":true,\"valueName\":\"search_term_string\"}}],\"inLanguage\":\"es\"},{\"@type\":\"Person\",\"@id\":\"https:\\\/\\\/www.smarmec.com\\\/es\\\/#\\\/schema\\\/person\\\/6d30a57ce79ac90af4f1173d079390c4\",\"name\":\"SMARMEC\"}]}<\/script>\n<!-- \/ Yoast SEO plugin. -->","yoast_head_json":{"title":"Smarmec avanza en sus objetivos de descarbonizaci\u00f3n con la puesta en marcha de una instalaci\u00f3n fotovoltaica en su f\u00e1brica de Zamudio - SMARMEC","description":"Una instalaci\u00f3n fotovoltaica situada en la cubierta de la f\u00e1brica de Smarmec en Zamudio permitir\u00e1 a la compa\u00f1\u00eda autogenerar m\u00e1s del 20% del consumo anual de energ\u00eda de su actividad","robots":{"index":"index","follow":"follow","max-snippet":"max-snippet:-1","max-image-preview":"max-image-preview:large","max-video-preview":"max-video-preview:-1"},"canonical":"https:\/\/www.smarmec.com\/es\/noticias\/smarmec-avanza-en-sus-objetivos-de-descarbonizacion-con-la-puesta-en-marcha-de-una-instalacion-fotovoltaica-en-su-fabrica-de-zamudio\/","og_locale":"es_ES","og_type":"article","og_title":"Smarmec avanza en sus objetivos de descarbonizaci\u00f3n con la puesta en marcha de una instalaci\u00f3n fotovoltaica en su f\u00e1brica de Zamudio - SMARMEC","og_description":"Una instalaci\u00f3n fotovoltaica situada en la cubierta de la f\u00e1brica de Smarmec en Zamudio permitir\u00e1 a la compa\u00f1\u00eda autogenerar m\u00e1s del 20% del consumo anual de energ\u00eda de su actividad","og_url":"https:\/\/www.smarmec.com\/es\/noticias\/smarmec-avanza-en-sus-objetivos-de-descarbonizacion-con-la-puesta-en-marcha-de-una-instalacion-fotovoltaica-en-su-fabrica-de-zamudio\/","og_site_name":"SMARMEC","article_published_time":"2022-11-29T14:08:41+00:00","article_modified_time":"2022-11-29T14:13:33+00:00","og_image":[{"width":1599,"height":1200,"url":"https:\/\/www.smarmec.com\/wp-content\/uploads\/2022\/11\/MicrosoftTeams-image-104.jpg","type":"image\/jpeg"}],"author":"SMARMEC","twitter_card":"summary_large_image","twitter_misc":{"Escrito por":"SMARMEC","Tiempo de lectura":"2 minutos"},"schema":{"@context":"https:\/\/schema.org","@graph":[{"@type":"Article","@id":"https:\/\/www.smarmec.com\/es\/noticias\/smarmec-avanza-en-sus-objetivos-de-descarbonizacion-con-la-puesta-en-marcha-de-una-instalacion-fotovoltaica-en-su-fabrica-de-zamudio\/#article","isPartOf":{"@id":"https:\/\/www.smarmec.com\/es\/noticias\/smarmec-avanza-en-sus-objetivos-de-descarbonizacion-con-la-puesta-en-marcha-de-una-instalacion-fotovoltaica-en-su-fabrica-de-zamudio\/"},"author":{"name":"SMARMEC","@id":"https:\/\/www.smarmec.com\/es\/#\/schema\/person\/6d30a57ce79ac90af4f1173d079390c4"},"headline":"Smarmec avanza en sus objetivos de descarbonizaci\u00f3n con la puesta en marcha de una instalaci\u00f3n fotovoltaica en su f\u00e1brica de Zamudio","datePublished":"2022-11-29T14:08:41+00:00","dateModified":"2022-11-29T14:13:33+00:00","mainEntityOfPage":{"@id":"https:\/\/www.smarmec.com\/es\/noticias\/smarmec-avanza-en-sus-objetivos-de-descarbonizacion-con-la-puesta-en-marcha-de-una-instalacion-fotovoltaica-en-su-fabrica-de-zamudio\/"},"wordCount":247,"image":{"@id":"https:\/\/www.smarmec.com\/es\/noticias\/smarmec-avanza-en-sus-objetivos-de-descarbonizacion-con-la-puesta-en-marcha-de-una-instalacion-fotovoltaica-en-su-fabrica-de-zamudio\/#primaryimage"},"thumbnailUrl":"https:\/\/www.smarmec.com\/wp-content\/uploads\/2022\/11\/MicrosoftTeams-image-104.jpg","keywords":["descarbonizaci\u00f3n","instalaci\u00f3n fotovoltaica","placas fotovoltaicas","renovables","smarmec"],"articleSection":["Actualidad","Sostenibilidad"],"inLanguage":"es"},{"@type":"WebPage","@id":"https:\/\/www.smarmec.com\/es\/noticias\/smarmec-avanza-en-sus-objetivos-de-descarbonizacion-con-la-puesta-en-marcha-de-una-instalacion-fotovoltaica-en-su-fabrica-de-zamudio\/","url":"https:\/\/www.smarmec.com\/es\/noticias\/smarmec-avanza-en-sus-objetivos-de-descarbonizacion-con-la-puesta-en-marcha-de-una-instalacion-fotovoltaica-en-su-fabrica-de-zamudio\/","name":"Smarmec avanza en sus objetivos de descarbonizaci\u00f3n con la puesta en marcha de una instalaci\u00f3n fotovoltaica en su f\u00e1brica de Zamudio - SMARMEC","isPartOf":{"@id":"https:\/\/www.smarmec.com\/es\/#website"},"primaryImageOfPage":{"@id":"https:\/\/www.smarmec.com\/es\/noticias\/smarmec-avanza-en-sus-objetivos-de-descarbonizacion-con-la-puesta-en-marcha-de-una-instalacion-fotovoltaica-en-su-fabrica-de-zamudio\/#primaryimage"},"image":{"@id":"https:\/\/www.smarmec.com\/es\/noticias\/smarmec-avanza-en-sus-objetivos-de-descarbonizacion-con-la-puesta-en-marcha-de-una-instalacion-fotovoltaica-en-su-fabrica-de-zamudio\/#primaryimage"},"thumbnailUrl":"https:\/\/www.smarmec.com\/wp-content\/uploads\/2022\/11\/MicrosoftTeams-image-104.jpg","datePublished":"2022-11-29T14:08:41+00:00","dateModified":"2022-11-29T14:13:33+00:00","author":{"@id":"https:\/\/www.smarmec.com\/es\/#\/schema\/person\/6d30a57ce79ac90af4f1173d079390c4"},"description":"Una instalaci\u00f3n fotovoltaica situada en la cubierta de la f\u00e1brica de Smarmec en Zamudio permitir\u00e1 a la compa\u00f1\u00eda autogenerar m\u00e1s del 20% del consumo anual de energ\u00eda de su actividad","breadcrumb":{"@id":"https:\/\/www.smarmec.com\/es\/noticias\/smarmec-avanza-en-sus-objetivos-de-descarbonizacion-con-la-puesta-en-marcha-de-una-instalacion-fotovoltaica-en-su-fabrica-de-zamudio\/#breadcrumb"},"inLanguage":"es","potentialAction":[{"@type":"ReadAction","target":["https:\/\/www.smarmec.com\/es\/noticias\/smarmec-avanza-en-sus-objetivos-de-descarbonizacion-con-la-puesta-en-marcha-de-una-instalacion-fotovoltaica-en-su-fabrica-de-zamudio\/"]}]},{"@type":"ImageObject","inLanguage":"es","@id":"https:\/\/www.smarmec.com\/es\/noticias\/smarmec-avanza-en-sus-objetivos-de-descarbonizacion-con-la-puesta-en-marcha-de-una-instalacion-fotovoltaica-en-su-fabrica-de-zamudio\/#primaryimage","url":"https:\/\/www.smarmec.com\/wp-content\/uploads\/2022\/11\/MicrosoftTeams-image-104.jpg","contentUrl":"https:\/\/www.smarmec.com\/wp-content\/uploads\/2022\/11\/MicrosoftTeams-image-104.jpg","width":1599,"height":1200},{"@type":"BreadcrumbList","@id":"https:\/\/www.smarmec.com\/es\/noticias\/smarmec-avanza-en-sus-objetivos-de-descarbonizacion-con-la-puesta-en-marcha-de-una-instalacion-fotovoltaica-en-su-fabrica-de-zamudio\/#breadcrumb","itemListElement":[{"@type":"ListItem","position":1,"name":"Portada","item":"https:\/\/www.smarmec.com\/es\/"},{"@type":"ListItem","position":2,"name":"Smarmec avanza en sus objetivos de descarbonizaci\u00f3n con la puesta en marcha de una instalaci\u00f3n fotovoltaica en su f\u00e1brica de Zamudio"}]},{"@type":"WebSite","@id":"https:\/\/www.smarmec.com\/es\/#website","url":"https:\/\/www.smarmec.com\/es\/","name":"SMARMEC","description":"Design &amp; Manufacturing Ideas","potentialAction":[{"@type":"SearchAction","target":{"@type":"EntryPoint","urlTemplate":"https:\/\/www.smarmec.com\/es\/?s={search_term_string}"},"query-input":{"@type":"PropertyValueSpecification","valueRequired":true,"valueName":"search_term_string"}}],"inLanguage":"es"},{"@type":"Person","@id":"https:\/\/www.smarmec.com\/es\/#\/schema\/person\/6d30a57ce79ac90af4f1173d079390c4","name":"SMARMEC"}]}},"jetpack_featured_media_url":"https:\/\/www.smarmec.com\/wp-content\/uploads\/2022\/11\/MicrosoftTeams-image-104.jpg","jetpack_sharing_enabled":true,"_links":{"self":[{"href":"https:\/\/www.smarmec.com\/es\/wp-json\/wp\/v2\/posts\/2151","targetHints":{"allow":["GET"]}}],"collection":[{"href":"https:\/\/www.smarmec.com\/es\/wp-json\/wp\/v2\/posts"}],"about":[{"href":"https:\/\/www.smarmec.com\/es\/wp-json\/wp\/v2\/types\/post"}],"author":[{"embeddable":true,"href":"https:\/\/www.smarmec.com\/es\/wp-json\/wp\/v2\/users\/2"}],"replies":[{"embeddable":true,"href":"https:\/\/www.smarmec.com\/es\/wp-json\/wp\/v2\/comments?post=2151"}],"version-history":[{"count":4,"href":"https:\/\/www.smarmec.com\/es\/wp-json\/wp\/v2\/posts\/2151\/revisions"}],"predecessor-version":[{"id":2167,"href":"https:\/\/www.smarmec.com\/es\/wp-json\/wp\/v2\/posts\/2151\/revisions\/2167"}],"wp:featuredmedia":[{"embeddable":true,"href":"https:\/\/www.smarmec.com\/es\/wp-json\/wp\/v2\/media\/2152"}],"wp:attachment":[{"href":"https:\/\/www.smarmec.com\/es\/wp-json\/wp\/v2\/media?parent=2151"}],"wp:term":[{"taxonomy":"category","embeddable":true,"href":"https:\/\/www.smarmec.com\/es\/wp-json\/wp\/v2\/categories?post=2151"},{"taxonomy":"post_tag","embeddable":true,"href":"https:\/\/www.smarmec.com\/es\/wp-json\/wp\/v2\/tags?post=2151"}],"curies":[{"name":"wp","href":"https:\/\/api.w.org\/{rel}","templated":true}]}}